{"id":29546,"date":"2024-04-25T13:02:32","date_gmt":"2024-04-25T11:02:32","guid":{"rendered":"https:\/\/www.lr-ip.de\/?p=29546"},"modified":"2024-06-07T13:11:15","modified_gmt":"2024-06-07T11:11:15","slug":"pablo-escobar-als-marke-nicht-eintragungs-und-schutzfaehig","status":"publish","type":"post","link":"https:\/\/www.lr-ip.de\/en\/aktuelles\/pablo-escobar-als-marke-nicht-eintragungs-und-schutzfaehig\/","title":{"rendered":"\u201ePablo Escobar\u201c als Marke nicht eintragungs- und schutzf\u00e4hig"},"content":{"rendered":"<div class=\"wpb-content-wrapper\"><p>[vc_row][vc_column][vc_column_text css=&#8221;&#8221;]<\/p>\n<h1 style=\"font-weight: 400;\"><strong>\u201ePablo Escobar\u201c als Marke nicht eintragungs- und schutzf\u00e4hig<\/strong><\/h1>\n<p style=\"font-weight: 400;\">Der Name \u201ePablo Escobar\u201c kann nicht als Unionsmarke beim Amt der Europ\u00e4ischen Union f\u00fcr geistiges Eigentum (EUIPO) eingetragen werden; EuG T-255\/23.<\/p>\n<p style=\"font-weight: 400;\"><strong>Sachverhalt:<\/strong><\/p>\n<p style=\"font-weight: 400;\">Die Gesellschaft Escobar Inc. mit Sitz in Puerto Rico (Vereinigte Staaten) meldete beim EUIPO das Wortzeichen \u201ePablo Escobar\u201c f\u00fcr eine Vielzahl an Waren und Dienstleistungen als Unionsmarke an. Das EUIPO wies die Markenanmeldung als nicht eintragungsf\u00e4hig zur\u00fcck. Die erfolgte Anfechtung wurde vom EuG zur\u00fcckgewiesen.<\/p>\n<p style=\"font-weight: 400;\"><strong>Entscheidungsgr\u00fcnde:<\/strong><\/p>\n<p style=\"font-weight: 400;\">Das EUIPO wies die Anmeldung der Unionsmarke zur\u00fcck, da die Marke gegen die \u00f6ffentliche Ordnung und die guten Sitten versto\u00dfe. Es berief sich auf die Wahrnehmung der spanischen Verkehrskreise, weil diese nach Ansicht des EUIPO wegen der Verbindungen zwischen Spanien und Kolumbien Pablo Escobar am besten kennen. Pablo Escobar (1949-1993) war ein kolumbianischer Staatsangeh\u00f6riger und ist weltweit als einer der gr\u00f6\u00dften Drogenbarone und Drogenterroristen bekannt. Er gr\u00fcndete das Kartell in Medell\u00edn (Kolumbien) und war dessen Chef.<\/p>\n<p style=\"font-weight: 400;\">Das EuG best\u00e4tigte die Zur\u00fcckweisung und nahm ebenfalls das Vorliegen des absoluten Schutzhindernisses gem. Art. 7 Abs. 1 lit. f der Unionsmarkenverordnung an. Marken ist demnach ein Schutz zu versagen, denen die grundlegenden Werte und Normen der Gemeinschaft zuwiderlaufen. Die spanischen Verkehrskreise teilen unter Zugrundelegung durchschnittlicher Empfindlichkeits- und Toleranzschwelle Werte, wie Menschenw\u00fcrde, Freiheit, Gleichheit und Solidarit\u00e4t sowie die Grunds\u00e4tze der Demokratie und der Rechtsstaatlichkeit und das Recht auf Leben und k\u00f6rperliche Unversehrtheit. Die relevanten Verkehrskreise bringen diesen Namen mit Drogenhandel und Drogenterrorismus, sowie den Verbrechen und dem sich daraus ergebenden Leid in Verbindung, so dass die Marke gegen die moralischen Werte der durchschnittlichen spanischen Verkehrskreise versto\u00dfen. Des Weiteren wurde nach Ansicht des EuG auch nicht gegen das Grundrecht von Pablo Escobar wegen Unschuldsvermutung versto\u00dfen, da dieser, auch wenn er diesbzgl. nie strafrechtlich verurteilt wurde, vor allem in der spanischen und kolumbianischen \u00d6ffentlichkeit als verantwortliches Symbol f\u00fcr organisiertes Verbrechen wahrgenommen wird.<\/p>\n<p style=\"font-weight: 400;\">Es st\u00fcnde auch nicht im Widerspruch zu dem Umstand, dass Filmnamen wie \u201eNarcos\u201c oder andere Kriminelle wie Bonnie &amp; Clyde, Al Capone oder Robin Hood in der Vergangenheit auch als markenf\u00e4hig angesehen wurden, da diese bereits ausgelaufen, gel\u00f6scht oder vielmehr als mythische Figuren f\u00fcr gute Taten zu werten sind. Zudem st\u00fctzte sich die Entscheidung des Gerichts vor allem auf die EuGH-Entscheidung \u201eLa Mafia SE SIENTA A LA MESA\u201c (auf Deutsch: \u201eDie Mafia setzt sich zum Essen\u201c) vom 15. M\u00e4rz 2018, in welcher das Gericht dieser Marke aus denselben Grundgedanken die Eintragung verweigert hatte; insbesondere die italienischen Verkehrskreise w\u00fcrden diese Marke mit organisiertem Verbrechen in Verbindung bringen.<\/p>\n<p style=\"font-weight: 400;\"><strong>F\u00fcr<\/strong> <strong>Fragen zur Eintragungsf\u00e4higkeit stehen wir Ihnen gerne zur Verf\u00fcgung.<\/strong><\/p>\n<p>[\/vc_column_text][\/vc_column][\/vc_row]<\/p>\n<\/div>","protected":false},"excerpt":{"rendered":"<p>[vc_row][vc_column][vc_column_text css=&#8221;&#8221;] \u201ePablo Escobar\u201c als Marke nicht eintragungs- und schutzf\u00e4hig Der Name \u201ePablo Escobar\u201c kann nicht als Unionsmarke beim Amt der Europ\u00e4ischen Union f\u00fcr geistiges Eigentum (EUIPO) eingetragen werden; EuG T-255\/23. Sachverhalt: Die Gesellschaft Escobar Inc. mit Sitz in Puerto Rico (Vereinigte Staaten) meldete beim EUIPO das Wortzeichen \u201ePablo Escobar\u201c f\u00fcr eine Vielzahl an Waren&hellip;<\/p>\n","protected":false},"author":3,"featured_media":29547,"comment_status":"closed","ping_status":"closed","sticky":false,"template":"","format":"standard","meta":{"footnotes":""},"categories":[1],"tags":[],"class_list":["post-29546","post","type-post","status-publish","format-standard","has-post-thumbnail","hentry","category-aktuelles","category-1","description-off"],"yoast_head":"<!-- This site is optimized with the Yoast SEO plugin v23.4 - https:\/\/yoast.com\/wordpress\/plugins\/seo\/ -->\n<title>\u201ePablo Escobar\u201c als Marke nicht eintragungs- und schutzf\u00e4hig - Rechtsanw\u00e4lte Lintl Renger M\u00fcnchen<\/title>\n<meta name=\"description\" content=\"Unterlassungsschuldner haftet nicht f\u00fcr Websites Dritter\" \/>\n<meta name=\"robots\" content=\"index, follow, max-snippet:-1, max-image-preview:large, max-video-preview:-1\" \/>\n<link rel=\"canonical\" href=\"https:\/\/www.lr-ip.de\/aktuelles\/pablo-escobar-als-marke-nicht-eintragungs-und-schutzfaehig\/\" \/>\n<meta property=\"og:locale\" content=\"en_US\" \/>\n<meta property=\"og:type\" content=\"article\" \/>\n<meta property=\"og:title\" content=\"\u201ePablo Escobar\u201c als Marke nicht eintragungs- und schutzf\u00e4hig - Rechtsanw\u00e4lte Lintl Renger M\u00fcnchen\" \/>\n<meta property=\"og:description\" content=\"Unterlassungsschuldner haftet nicht f\u00fcr Websites Dritter\" \/>\n<meta property=\"og:url\" content=\"https:\/\/www.lr-ip.de\/aktuelles\/pablo-escobar-als-marke-nicht-eintragungs-und-schutzfaehig\/\" \/>\n<meta property=\"og:site_name\" content=\"Rechtsanw\u00e4lte Lintl Renger M\u00fcnchen\" \/>\n<meta property=\"article:published_time\" content=\"2024-04-25T11:02:32+00:00\" \/>\n<meta property=\"article:modified_time\" content=\"2024-06-07T11:11:15+00:00\" \/>\n<meta property=\"og:image\" content=\"https:\/\/www.lr-ip.de\/wp-content\/uploads\/2024\/06\/\u201ePablo-Escobar-als-Marke-nicht-eintragungs-und-schutzfaehig.jpeg\" \/>\n\t<meta property=\"og:image:width\" content=\"600\" \/>\n\t<meta property=\"og:image:height\" content=\"400\" \/>\n\t<meta property=\"og:image:type\" content=\"image\/jpeg\" \/>\n<meta name=\"author\" content=\"ChristianRenger\" \/>\n<meta name=\"twitter:card\" content=\"summary_large_image\" \/>\n<meta name=\"twitter:label1\" content=\"Written by\" \/>\n\t<meta name=\"twitter:data1\" content=\"ChristianRenger\" \/>\n\t<meta name=\"twitter:label2\" content=\"Est. reading time\" \/>\n\t<meta name=\"twitter:data2\" content=\"4 minutes\" \/>\n<script type=\"application\/ld+json\" class=\"yoast-schema-graph\">{\"@context\":\"https:\/\/schema.org\",\"@graph\":[{\"@type\":\"WebPage\",\"@id\":\"https:\/\/www.lr-ip.de\/aktuelles\/pablo-escobar-als-marke-nicht-eintragungs-und-schutzfaehig\/\",\"url\":\"https:\/\/www.lr-ip.de\/aktuelles\/pablo-escobar-als-marke-nicht-eintragungs-und-schutzfaehig\/\",\"name\":\"\u201ePablo Escobar\u201c als Marke nicht eintragungs- und schutzf\u00e4hig - Rechtsanw\u00e4lte Lintl Renger M\u00fcnchen\",\"isPartOf\":{\"@id\":\"https:\/\/www.lr-ip.de\/#website\"},\"primaryImageOfPage\":{\"@id\":\"https:\/\/www.lr-ip.de\/aktuelles\/pablo-escobar-als-marke-nicht-eintragungs-und-schutzfaehig\/#primaryimage\"},\"image\":{\"@id\":\"https:\/\/www.lr-ip.de\/aktuelles\/pablo-escobar-als-marke-nicht-eintragungs-und-schutzfaehig\/#primaryimage\"},\"thumbnailUrl\":\"https:\/\/www.lr-ip.de\/wp-content\/uploads\/2024\/06\/\u201ePablo-Escobar-als-Marke-nicht-eintragungs-und-schutzfaehig.jpeg\",\"datePublished\":\"2024-04-25T11:02:32+00:00\",\"dateModified\":\"2024-06-07T11:11:15+00:00\",\"author\":{\"@id\":\"https:\/\/www.lr-ip.de\/#\/schema\/person\/8c4bd427fc9a8e2039aae528b6bcdadd\"},\"description\":\"Unterlassungsschuldner haftet nicht f\u00fcr Websites Dritter\",\"breadcrumb\":{\"@id\":\"https:\/\/www.lr-ip.de\/aktuelles\/pablo-escobar-als-marke-nicht-eintragungs-und-schutzfaehig\/#breadcrumb\"},\"inLanguage\":\"en-US\",\"potentialAction\":[{\"@type\":\"ReadAction\",\"target\":[\"https:\/\/www.lr-ip.de\/aktuelles\/pablo-escobar-als-marke-nicht-eintragungs-und-schutzfaehig\/\"]}]},{\"@type\":\"ImageObject\",\"inLanguage\":\"en-US\",\"@id\":\"https:\/\/www.lr-ip.de\/aktuelles\/pablo-escobar-als-marke-nicht-eintragungs-und-schutzfaehig\/#primaryimage\",\"url\":\"https:\/\/www.lr-ip.de\/wp-content\/uploads\/2024\/06\/\u201ePablo-Escobar-als-Marke-nicht-eintragungs-und-schutzfaehig.jpeg\",\"contentUrl\":\"https:\/\/www.lr-ip.de\/wp-content\/uploads\/2024\/06\/\u201ePablo-Escobar-als-Marke-nicht-eintragungs-und-schutzfaehig.jpeg\",\"width\":600,\"height\":400,\"caption\":\"\u201ePablo Escobar\u201c als Marke nicht eintragungs- und schutzf\u00e4hig\"},{\"@type\":\"BreadcrumbList\",\"@id\":\"https:\/\/www.lr-ip.de\/aktuelles\/pablo-escobar-als-marke-nicht-eintragungs-und-schutzfaehig\/#breadcrumb\",\"itemListElement\":[{\"@type\":\"ListItem\",\"position\":1,\"name\":\"Startseite\",\"item\":\"https:\/\/www.lr-ip.de\/en\/\"},{\"@type\":\"ListItem\",\"position\":2,\"name\":\"\u201ePablo Escobar\u201c als Marke nicht eintragungs- und schutzf\u00e4hig\"}]},{\"@type\":\"WebSite\",\"@id\":\"https:\/\/www.lr-ip.de\/#website\",\"url\":\"https:\/\/www.lr-ip.de\/\",\"name\":\"Rechtsanw\u00e4lte Lintl Renger M\u00fcnchen\",\"description\":\"Markenschutz, Designschutz, Patentschutz und Wettbewerbsrecht\",\"potentialAction\":[{\"@type\":\"SearchAction\",\"target\":{\"@type\":\"EntryPoint\",\"urlTemplate\":\"https:\/\/www.lr-ip.de\/?s={search_term_string}\"},\"query-input\":{\"@type\":\"PropertyValueSpecification\",\"valueRequired\":true,\"valueName\":\"search_term_string\"}}],\"inLanguage\":\"en-US\"},{\"@type\":\"Person\",\"@id\":\"https:\/\/www.lr-ip.de\/#\/schema\/person\/8c4bd427fc9a8e2039aae528b6bcdadd\",\"name\":\"ChristianRenger\",\"image\":{\"@type\":\"ImageObject\",\"inLanguage\":\"en-US\",\"@id\":\"https:\/\/www.lr-ip.de\/#\/schema\/person\/image\/\",\"url\":\"https:\/\/secure.gravatar.com\/avatar\/2ea0191c8156942236e29e1239d7ab8d?s=96&d=mm&r=g\",\"contentUrl\":\"https:\/\/secure.gravatar.com\/avatar\/2ea0191c8156942236e29e1239d7ab8d?s=96&d=mm&r=g\",\"caption\":\"ChristianRenger\"},\"url\":\"https:\/\/www.lr-ip.de\/en\/author\/christianrenger\/\"}]}<\/script>\n<!-- \/ Yoast SEO plugin. -->","yoast_head_json":{"title":"\u201ePablo Escobar\u201c als Marke nicht eintragungs- und schutzf\u00e4hig - Rechtsanw\u00e4lte Lintl Renger M\u00fcnchen","description":"Unterlassungsschuldner haftet nicht f\u00fcr Websites Dritter","robots":{"index":"index","follow":"follow","max-snippet":"max-snippet:-1","max-image-preview":"max-image-preview:large","max-video-preview":"max-video-preview:-1"},"canonical":"https:\/\/www.lr-ip.de\/aktuelles\/pablo-escobar-als-marke-nicht-eintragungs-und-schutzfaehig\/","og_locale":"en_US","og_type":"article","og_title":"\u201ePablo Escobar\u201c als Marke nicht eintragungs- und schutzf\u00e4hig - Rechtsanw\u00e4lte Lintl Renger M\u00fcnchen","og_description":"Unterlassungsschuldner haftet nicht f\u00fcr Websites Dritter","og_url":"https:\/\/www.lr-ip.de\/aktuelles\/pablo-escobar-als-marke-nicht-eintragungs-und-schutzfaehig\/","og_site_name":"Rechtsanw\u00e4lte Lintl Renger M\u00fcnchen","article_published_time":"2024-04-25T11:02:32+00:00","article_modified_time":"2024-06-07T11:11:15+00:00","og_image":[{"width":600,"height":400,"url":"https:\/\/www.lr-ip.de\/wp-content\/uploads\/2024\/06\/\u201ePablo-Escobar-als-Marke-nicht-eintragungs-und-schutzfaehig.jpeg","type":"image\/jpeg"}],"author":"ChristianRenger","twitter_card":"summary_large_image","twitter_misc":{"Written by":"ChristianRenger","Est. reading time":"4 minutes"},"schema":{"@context":"https:\/\/schema.org","@graph":[{"@type":"WebPage","@id":"https:\/\/www.lr-ip.de\/aktuelles\/pablo-escobar-als-marke-nicht-eintragungs-und-schutzfaehig\/","url":"https:\/\/www.lr-ip.de\/aktuelles\/pablo-escobar-als-marke-nicht-eintragungs-und-schutzfaehig\/","name":"\u201ePablo Escobar\u201c als Marke nicht eintragungs- und schutzf\u00e4hig - Rechtsanw\u00e4lte Lintl Renger M\u00fcnchen","isPartOf":{"@id":"https:\/\/www.lr-ip.de\/#website"},"primaryImageOfPage":{"@id":"https:\/\/www.lr-ip.de\/aktuelles\/pablo-escobar-als-marke-nicht-eintragungs-und-schutzfaehig\/#primaryimage"},"image":{"@id":"https:\/\/www.lr-ip.de\/aktuelles\/pablo-escobar-als-marke-nicht-eintragungs-und-schutzfaehig\/#primaryimage"},"thumbnailUrl":"https:\/\/www.lr-ip.de\/wp-content\/uploads\/2024\/06\/\u201ePablo-Escobar-als-Marke-nicht-eintragungs-und-schutzfaehig.jpeg","datePublished":"2024-04-25T11:02:32+00:00","dateModified":"2024-06-07T11:11:15+00:00","author":{"@id":"https:\/\/www.lr-ip.de\/#\/schema\/person\/8c4bd427fc9a8e2039aae528b6bcdadd"},"description":"Unterlassungsschuldner haftet nicht f\u00fcr Websites Dritter","breadcrumb":{"@id":"https:\/\/www.lr-ip.de\/aktuelles\/pablo-escobar-als-marke-nicht-eintragungs-und-schutzfaehig\/#breadcrumb"},"inLanguage":"en-US","potentialAction":[{"@type":"ReadAction","target":["https:\/\/www.lr-ip.de\/aktuelles\/pablo-escobar-als-marke-nicht-eintragungs-und-schutzfaehig\/"]}]},{"@type":"ImageObject","inLanguage":"en-US","@id":"https:\/\/www.lr-ip.de\/aktuelles\/pablo-escobar-als-marke-nicht-eintragungs-und-schutzfaehig\/#primaryimage","url":"https:\/\/www.lr-ip.de\/wp-content\/uploads\/2024\/06\/\u201ePablo-Escobar-als-Marke-nicht-eintragungs-und-schutzfaehig.jpeg","contentUrl":"https:\/\/www.lr-ip.de\/wp-content\/uploads\/2024\/06\/\u201ePablo-Escobar-als-Marke-nicht-eintragungs-und-schutzfaehig.jpeg","width":600,"height":400,"caption":"\u201ePablo Escobar\u201c als Marke nicht eintragungs- und schutzf\u00e4hig"},{"@type":"BreadcrumbList","@id":"https:\/\/www.lr-ip.de\/aktuelles\/pablo-escobar-als-marke-nicht-eintragungs-und-schutzfaehig\/#breadcrumb","itemListElement":[{"@type":"ListItem","position":1,"name":"Startseite","item":"https:\/\/www.lr-ip.de\/en\/"},{"@type":"ListItem","position":2,"name":"\u201ePablo Escobar\u201c als Marke nicht eintragungs- und schutzf\u00e4hig"}]},{"@type":"WebSite","@id":"https:\/\/www.lr-ip.de\/#website","url":"https:\/\/www.lr-ip.de\/","name":"Rechtsanw\u00e4lte Lintl Renger M\u00fcnchen","description":"Markenschutz, Designschutz, Patentschutz und Wettbewerbsrecht","potentialAction":[{"@type":"SearchAction","target":{"@type":"EntryPoint","urlTemplate":"https:\/\/www.lr-ip.de\/?s={search_term_string}"},"query-input":{"@type":"PropertyValueSpecification","valueRequired":true,"valueName":"search_term_string"}}],"inLanguage":"en-US"},{"@type":"Person","@id":"https:\/\/www.lr-ip.de\/#\/schema\/person\/8c4bd427fc9a8e2039aae528b6bcdadd","name":"ChristianRenger","image":{"@type":"ImageObject","inLanguage":"en-US","@id":"https:\/\/www.lr-ip.de\/#\/schema\/person\/image\/","url":"https:\/\/secure.gravatar.com\/avatar\/2ea0191c8156942236e29e1239d7ab8d?s=96&d=mm&r=g","contentUrl":"https:\/\/secure.gravatar.com\/avatar\/2ea0191c8156942236e29e1239d7ab8d?s=96&d=mm&r=g","caption":"ChristianRenger"},"url":"https:\/\/www.lr-ip.de\/en\/author\/christianrenger\/"}]}},"_links":{"self":[{"href":"https:\/\/www.lr-ip.de\/en\/wp-json\/wp\/v2\/posts\/29546","targetHints":{"allow":["GET"]}}],"collection":[{"href":"https:\/\/www.lr-ip.de\/en\/wp-json\/wp\/v2\/posts"}],"about":[{"href":"https:\/\/www.lr-ip.de\/en\/wp-json\/wp\/v2\/types\/post"}],"author":[{"embeddable":true,"href":"https:\/\/www.lr-ip.de\/en\/wp-json\/wp\/v2\/users\/3"}],"replies":[{"embeddable":true,"href":"https:\/\/www.lr-ip.de\/en\/wp-json\/wp\/v2\/comments?post=29546"}],"version-history":[{"count":1,"href":"https:\/\/www.lr-ip.de\/en\/wp-json\/wp\/v2\/posts\/29546\/revisions"}],"predecessor-version":[{"id":29549,"href":"https:\/\/www.lr-ip.de\/en\/wp-json\/wp\/v2\/posts\/29546\/revisions\/29549"}],"wp:featuredmedia":[{"embeddable":true,"href":"https:\/\/www.lr-ip.de\/en\/wp-json\/wp\/v2\/media\/29547"}],"wp:attachment":[{"href":"https:\/\/www.lr-ip.de\/en\/wp-json\/wp\/v2\/media?parent=29546"}],"wp:term":[{"taxonomy":"category","embeddable":true,"href":"https:\/\/www.lr-ip.de\/en\/wp-json\/wp\/v2\/categories?post=29546"},{"taxonomy":"post_tag","embeddable":true,"href":"https:\/\/www.lr-ip.de\/en\/wp-json\/wp\/v2\/tags?post=29546"}],"curies":[{"name":"wp","href":"https:\/\/api.w.org\/{rel}","templated":true}]}}