{"id":29457,"date":"2024-03-01T16:01:17","date_gmt":"2024-03-01T15:01:17","guid":{"rendered":"https:\/\/www.lr-ip.de\/?p=29457"},"modified":"2024-05-21T10:50:29","modified_gmt":"2024-05-21T08:50:29","slug":"audi-emblemhalterung-auf-einem-kuehlergrill-als-markenbenutzung","status":"publish","type":"post","link":"https:\/\/www.lr-ip.de\/en\/aktuelles\/audi-emblemhalterung-auf-einem-kuehlergrill-als-markenbenutzung\/","title":{"rendered":"Audi: Emblemhalterung auf einem K\u00fchlergrill als Markenbenutzung"},"content":{"rendered":"<div class=\"wpb-content-wrapper\"><p>[vc_row][vc_column][vc_column_text]<\/p>\n<h1 style=\"font-weight: 400;\"><strong>Audi: Emblemhalterung auf einem K\u00fchlergrill als Markenbenutzung<\/strong><\/h1>\n<p style=\"font-weight: 400;\">Urteil des Europ\u00e4ischen Gerichtshofs v. 25. Januar 2024, Az. C-334\/22 | Audi (Emblemhalterung auf einem K\u00fchlergrill)<\/p>\n<p style=\"font-weight: 400;\"><strong>Sachverhalt:<\/strong><\/p>\n<p style=\"font-weight: 400;\">Audi ist Inhaberin einer Unionsbildmarke, die unter anderem f\u00fcr Fahrzeuge, Ersatzteile und Autozubeh\u00f6r eingetragen ist. Ein polnischer H\u00e4ndler bietet K\u00fchlergrills an, die auf Audi-Fahrzeuge zugeschnitten sind und eine Aussparung enthalten, die f\u00fcr die Anbringung des Audi-Emblems &#8211; der vier ineinandergreifenden Ringe &#8211; gedacht ist und in seiner Form der Marke \u00e4hnlich oder identisch ist.<\/p>\n<p style=\"font-weight: 400;\"><strong>Entscheidungsgr\u00fcnde:<\/strong><\/p>\n<p style=\"font-weight: 400;\">Der Europ\u00e4ische Gerichtshof hat festgestellt, dass die Vermarktung solcher K\u00fchlergrills ohne Zustimmung der Markeninhaberin eine Benutzung eines Zeichens im gesch\u00e4ftlichen Verkehr darstellt, die die Funktionen der Marke beeintr\u00e4chtigen kann. Dies liegt daran, dass das Publikum, das ein solches Ersatzteil kaufen m\u00f6chte, eine Verbindung zwischen dem Teil des K\u00fchlergrills und dem Markeninhaber herstellen k\u00f6nnte. Es werden dadurch die Funktionen der Marke, wie die Garantie der Herkunft oder Qualit\u00e4t der Ware, beeintr\u00e4chtigt. Eine Anwendung der f\u00fcr Geschmacksmuster bestehenden \u201eReparaturklausel\u201c ist nicht m\u00f6glich.<\/p>\n<p style=\"font-weight: 400;\">Im Ergebnis \u00fcbertr\u00e4gt der EuGH den nationalen Gerichten die konkrete Pr\u00fcfung, ob das jeweils gegenst\u00e4ndliche Teil des K\u00fchlergrills mit der Marke identisch oder ihr \u00e4hnlich ist und ob der K\u00fchlergrill mit einer oder mehreren Waren, f\u00fcr die die Marke Schutz genie\u00dft, identisch oder \u00e4hnlich ist. Auf die Waren- und Dienstleistungs\u00e4hnlichkeit kommt es nicht an, wenn das nationale Gericht feststellt, dass es sich um eine bekannte Marke handelt.<\/p>\n<p style=\"font-weight: 400;\">Der Gerichtshof best\u00e4tigt auch, dass das Unionsrecht den Automobilhersteller nicht daran hindert, die Benutzung eines identischen oder \u00e4hnlichen Zeichens zu verbieten, wenn die Wahl der Form des Teils darauf abzielt, einen K\u00fchlergrill zu vermarkten, der dem Originalk\u00fchlergrill so \u00e4hnlich wie m\u00f6glich ist. Das Urteil des EuGH nimmt die Entscheidung des nationalen Gerichts nicht vorwegnimmt, sondern gibt dem nationalen Gericht verbindliche Hinweise zur Auslegung des Unionsrechts.<\/p>\n<p style=\"font-weight: 400;\">F\u00fcr markenrechtliche Fragen stehen wir Ihnen gerne zur Verf\u00fcgung.<\/p>\n<p>[\/vc_column_text][\/vc_column][\/vc_row]<\/p>\n<\/div>","protected":false},"excerpt":{"rendered":"<p>[vc_row][vc_column][vc_column_text] Audi: Emblemhalterung auf einem K\u00fchlergrill als Markenbenutzung Urteil des Europ\u00e4ischen Gerichtshofs v. 25. Januar 2024, Az. C-334\/22 | Audi (Emblemhalterung auf einem K\u00fchlergrill) Sachverhalt: Audi ist Inhaberin einer Unionsbildmarke, die unter anderem f\u00fcr Fahrzeuge, Ersatzteile und Autozubeh\u00f6r eingetragen ist. Ein polnischer H\u00e4ndler bietet K\u00fchlergrills an, die auf Audi-Fahrzeuge zugeschnitten sind und eine Aussparung enthalten,&hellip;<\/p>\n","protected":false},"author":3,"featured_media":29458,"comment_status":"closed","ping_status":"closed","sticky":false,"template":"","format":"standard","meta":{"footnotes":""},"categories":[1],"tags":[],"class_list":["post-29457","post","type-post","status-publish","format-standard","has-post-thumbnail","hentry","category-aktuelles","category-1","description-off"],"yoast_head":"<!-- This site is optimized with the Yoast SEO plugin v23.4 - https:\/\/yoast.com\/wordpress\/plugins\/seo\/ -->\n<title>Audi: Emblemhalterung auf einem K\u00fchlergrill als Markenbenutzung - Rechtsanw\u00e4lte Lintl Renger M\u00fcnchen<\/title>\n<meta name=\"description\" content=\"Unterlassungsschuldner haftet nicht f\u00fcr Websites Dritter\" \/>\n<meta name=\"robots\" content=\"index, follow, max-snippet:-1, max-image-preview:large, max-video-preview:-1\" \/>\n<link rel=\"canonical\" href=\"https:\/\/www.lr-ip.de\/aktuelles\/audi-emblemhalterung-auf-einem-kuehlergrill-als-markenbenutzung\/\" \/>\n<meta property=\"og:locale\" content=\"en_US\" \/>\n<meta property=\"og:type\" content=\"article\" \/>\n<meta property=\"og:title\" content=\"Audi: Emblemhalterung auf einem K\u00fchlergrill als Markenbenutzung - Rechtsanw\u00e4lte Lintl Renger M\u00fcnchen\" \/>\n<meta property=\"og:description\" content=\"Unterlassungsschuldner haftet nicht f\u00fcr Websites Dritter\" \/>\n<meta property=\"og:url\" content=\"https:\/\/www.lr-ip.de\/aktuelles\/audi-emblemhalterung-auf-einem-kuehlergrill-als-markenbenutzung\/\" \/>\n<meta property=\"og:site_name\" content=\"Rechtsanw\u00e4lte Lintl Renger M\u00fcnchen\" \/>\n<meta property=\"article:published_time\" content=\"2024-03-01T15:01:17+00:00\" \/>\n<meta property=\"article:modified_time\" content=\"2024-05-21T08:50:29+00:00\" \/>\n<meta property=\"og:image\" content=\"https:\/\/www.lr-ip.de\/wp-content\/uploads\/2024\/03\/Audi-Emblemhalterung-auf-einem-Kuehlergrill-als-Markenbenutzung.jpeg\" \/>\n\t<meta property=\"og:image:width\" content=\"900\" \/>\n\t<meta property=\"og:image:height\" content=\"600\" \/>\n\t<meta property=\"og:image:type\" content=\"image\/jpeg\" \/>\n<meta name=\"author\" content=\"ChristianRenger\" \/>\n<meta name=\"twitter:card\" content=\"summary_large_image\" \/>\n<meta name=\"twitter:label1\" content=\"Written by\" \/>\n\t<meta name=\"twitter:data1\" content=\"ChristianRenger\" \/>\n\t<meta name=\"twitter:label2\" content=\"Est. reading time\" \/>\n\t<meta name=\"twitter:data2\" content=\"4 minutes\" \/>\n<script type=\"application\/ld+json\" class=\"yoast-schema-graph\">{\"@context\":\"https:\/\/schema.org\",\"@graph\":[{\"@type\":\"WebPage\",\"@id\":\"https:\/\/www.lr-ip.de\/aktuelles\/audi-emblemhalterung-auf-einem-kuehlergrill-als-markenbenutzung\/\",\"url\":\"https:\/\/www.lr-ip.de\/aktuelles\/audi-emblemhalterung-auf-einem-kuehlergrill-als-markenbenutzung\/\",\"name\":\"Audi: Emblemhalterung auf einem K\u00fchlergrill als Markenbenutzung - Rechtsanw\u00e4lte Lintl Renger M\u00fcnchen\",\"isPartOf\":{\"@id\":\"https:\/\/www.lr-ip.de\/#website\"},\"primaryImageOfPage\":{\"@id\":\"https:\/\/www.lr-ip.de\/aktuelles\/audi-emblemhalterung-auf-einem-kuehlergrill-als-markenbenutzung\/#primaryimage\"},\"image\":{\"@id\":\"https:\/\/www.lr-ip.de\/aktuelles\/audi-emblemhalterung-auf-einem-kuehlergrill-als-markenbenutzung\/#primaryimage\"},\"thumbnailUrl\":\"https:\/\/www.lr-ip.de\/wp-content\/uploads\/2024\/03\/Audi-Emblemhalterung-auf-einem-Kuehlergrill-als-Markenbenutzung.jpeg\",\"datePublished\":\"2024-03-01T15:01:17+00:00\",\"dateModified\":\"2024-05-21T08:50:29+00:00\",\"author\":{\"@id\":\"https:\/\/www.lr-ip.de\/#\/schema\/person\/8c4bd427fc9a8e2039aae528b6bcdadd\"},\"description\":\"Unterlassungsschuldner haftet nicht f\u00fcr Websites Dritter\",\"breadcrumb\":{\"@id\":\"https:\/\/www.lr-ip.de\/aktuelles\/audi-emblemhalterung-auf-einem-kuehlergrill-als-markenbenutzung\/#breadcrumb\"},\"inLanguage\":\"en-US\",\"potentialAction\":[{\"@type\":\"ReadAction\",\"target\":[\"https:\/\/www.lr-ip.de\/aktuelles\/audi-emblemhalterung-auf-einem-kuehlergrill-als-markenbenutzung\/\"]}]},{\"@type\":\"ImageObject\",\"inLanguage\":\"en-US\",\"@id\":\"https:\/\/www.lr-ip.de\/aktuelles\/audi-emblemhalterung-auf-einem-kuehlergrill-als-markenbenutzung\/#primaryimage\",\"url\":\"https:\/\/www.lr-ip.de\/wp-content\/uploads\/2024\/03\/Audi-Emblemhalterung-auf-einem-Kuehlergrill-als-Markenbenutzung.jpeg\",\"contentUrl\":\"https:\/\/www.lr-ip.de\/wp-content\/uploads\/2024\/03\/Audi-Emblemhalterung-auf-einem-Kuehlergrill-als-Markenbenutzung.jpeg\",\"width\":900,\"height\":600,\"caption\":\"Audi Emblemhalterung auf einem Ku\u0308hlergrill als Markenbenutzung\"},{\"@type\":\"BreadcrumbList\",\"@id\":\"https:\/\/www.lr-ip.de\/aktuelles\/audi-emblemhalterung-auf-einem-kuehlergrill-als-markenbenutzung\/#breadcrumb\",\"itemListElement\":[{\"@type\":\"ListItem\",\"position\":1,\"name\":\"Startseite\",\"item\":\"https:\/\/www.lr-ip.de\/en\/\"},{\"@type\":\"ListItem\",\"position\":2,\"name\":\"Audi: Emblemhalterung auf einem K\u00fchlergrill als Markenbenutzung\"}]},{\"@type\":\"WebSite\",\"@id\":\"https:\/\/www.lr-ip.de\/#website\",\"url\":\"https:\/\/www.lr-ip.de\/\",\"name\":\"Rechtsanw\u00e4lte Lintl Renger M\u00fcnchen\",\"description\":\"Markenschutz, Designschutz, Patentschutz und Wettbewerbsrecht\",\"potentialAction\":[{\"@type\":\"SearchAction\",\"target\":{\"@type\":\"EntryPoint\",\"urlTemplate\":\"https:\/\/www.lr-ip.de\/?s={search_term_string}\"},\"query-input\":{\"@type\":\"PropertyValueSpecification\",\"valueRequired\":true,\"valueName\":\"search_term_string\"}}],\"inLanguage\":\"en-US\"},{\"@type\":\"Person\",\"@id\":\"https:\/\/www.lr-ip.de\/#\/schema\/person\/8c4bd427fc9a8e2039aae528b6bcdadd\",\"name\":\"ChristianRenger\",\"image\":{\"@type\":\"ImageObject\",\"inLanguage\":\"en-US\",\"@id\":\"https:\/\/www.lr-ip.de\/#\/schema\/person\/image\/\",\"url\":\"https:\/\/secure.gravatar.com\/avatar\/2ea0191c8156942236e29e1239d7ab8d?s=96&d=mm&r=g\",\"contentUrl\":\"https:\/\/secure.gravatar.com\/avatar\/2ea0191c8156942236e29e1239d7ab8d?s=96&d=mm&r=g\",\"caption\":\"ChristianRenger\"},\"url\":\"https:\/\/www.lr-ip.de\/en\/author\/christianrenger\/\"}]}<\/script>\n<!-- \/ Yoast SEO plugin. -->","yoast_head_json":{"title":"Audi: Emblemhalterung auf einem K\u00fchlergrill als Markenbenutzung - Rechtsanw\u00e4lte Lintl Renger M\u00fcnchen","description":"Unterlassungsschuldner haftet nicht f\u00fcr Websites Dritter","robots":{"index":"index","follow":"follow","max-snippet":"max-snippet:-1","max-image-preview":"max-image-preview:large","max-video-preview":"max-video-preview:-1"},"canonical":"https:\/\/www.lr-ip.de\/aktuelles\/audi-emblemhalterung-auf-einem-kuehlergrill-als-markenbenutzung\/","og_locale":"en_US","og_type":"article","og_title":"Audi: Emblemhalterung auf einem K\u00fchlergrill als Markenbenutzung - Rechtsanw\u00e4lte Lintl Renger M\u00fcnchen","og_description":"Unterlassungsschuldner haftet nicht f\u00fcr Websites Dritter","og_url":"https:\/\/www.lr-ip.de\/aktuelles\/audi-emblemhalterung-auf-einem-kuehlergrill-als-markenbenutzung\/","og_site_name":"Rechtsanw\u00e4lte Lintl Renger M\u00fcnchen","article_published_time":"2024-03-01T15:01:17+00:00","article_modified_time":"2024-05-21T08:50:29+00:00","og_image":[{"width":900,"height":600,"url":"https:\/\/www.lr-ip.de\/wp-content\/uploads\/2024\/03\/Audi-Emblemhalterung-auf-einem-Kuehlergrill-als-Markenbenutzung.jpeg","type":"image\/jpeg"}],"author":"ChristianRenger","twitter_card":"summary_large_image","twitter_misc":{"Written by":"ChristianRenger","Est. reading time":"4 minutes"},"schema":{"@context":"https:\/\/schema.org","@graph":[{"@type":"WebPage","@id":"https:\/\/www.lr-ip.de\/aktuelles\/audi-emblemhalterung-auf-einem-kuehlergrill-als-markenbenutzung\/","url":"https:\/\/www.lr-ip.de\/aktuelles\/audi-emblemhalterung-auf-einem-kuehlergrill-als-markenbenutzung\/","name":"Audi: Emblemhalterung auf einem K\u00fchlergrill als Markenbenutzung - Rechtsanw\u00e4lte Lintl Renger M\u00fcnchen","isPartOf":{"@id":"https:\/\/www.lr-ip.de\/#website"},"primaryImageOfPage":{"@id":"https:\/\/www.lr-ip.de\/aktuelles\/audi-emblemhalterung-auf-einem-kuehlergrill-als-markenbenutzung\/#primaryimage"},"image":{"@id":"https:\/\/www.lr-ip.de\/aktuelles\/audi-emblemhalterung-auf-einem-kuehlergrill-als-markenbenutzung\/#primaryimage"},"thumbnailUrl":"https:\/\/www.lr-ip.de\/wp-content\/uploads\/2024\/03\/Audi-Emblemhalterung-auf-einem-Kuehlergrill-als-Markenbenutzung.jpeg","datePublished":"2024-03-01T15:01:17+00:00","dateModified":"2024-05-21T08:50:29+00:00","author":{"@id":"https:\/\/www.lr-ip.de\/#\/schema\/person\/8c4bd427fc9a8e2039aae528b6bcdadd"},"description":"Unterlassungsschuldner haftet nicht f\u00fcr Websites Dritter","breadcrumb":{"@id":"https:\/\/www.lr-ip.de\/aktuelles\/audi-emblemhalterung-auf-einem-kuehlergrill-als-markenbenutzung\/#breadcrumb"},"inLanguage":"en-US","potentialAction":[{"@type":"ReadAction","target":["https:\/\/www.lr-ip.de\/aktuelles\/audi-emblemhalterung-auf-einem-kuehlergrill-als-markenbenutzung\/"]}]},{"@type":"ImageObject","inLanguage":"en-US","@id":"https:\/\/www.lr-ip.de\/aktuelles\/audi-emblemhalterung-auf-einem-kuehlergrill-als-markenbenutzung\/#primaryimage","url":"https:\/\/www.lr-ip.de\/wp-content\/uploads\/2024\/03\/Audi-Emblemhalterung-auf-einem-Kuehlergrill-als-Markenbenutzung.jpeg","contentUrl":"https:\/\/www.lr-ip.de\/wp-content\/uploads\/2024\/03\/Audi-Emblemhalterung-auf-einem-Kuehlergrill-als-Markenbenutzung.jpeg","width":900,"height":600,"caption":"Audi Emblemhalterung auf einem Ku\u0308hlergrill als Markenbenutzung"},{"@type":"BreadcrumbList","@id":"https:\/\/www.lr-ip.de\/aktuelles\/audi-emblemhalterung-auf-einem-kuehlergrill-als-markenbenutzung\/#breadcrumb","itemListElement":[{"@type":"ListItem","position":1,"name":"Startseite","item":"https:\/\/www.lr-ip.de\/en\/"},{"@type":"ListItem","position":2,"name":"Audi: Emblemhalterung auf einem K\u00fchlergrill als Markenbenutzung"}]},{"@type":"WebSite","@id":"https:\/\/www.lr-ip.de\/#website","url":"https:\/\/www.lr-ip.de\/","name":"Rechtsanw\u00e4lte Lintl Renger M\u00fcnchen","description":"Markenschutz, Designschutz, Patentschutz und Wettbewerbsrecht","potentialAction":[{"@type":"SearchAction","target":{"@type":"EntryPoint","urlTemplate":"https:\/\/www.lr-ip.de\/?s={search_term_string}"},"query-input":{"@type":"PropertyValueSpecification","valueRequired":true,"valueName":"search_term_string"}}],"inLanguage":"en-US"},{"@type":"Person","@id":"https:\/\/www.lr-ip.de\/#\/schema\/person\/8c4bd427fc9a8e2039aae528b6bcdadd","name":"ChristianRenger","image":{"@type":"ImageObject","inLanguage":"en-US","@id":"https:\/\/www.lr-ip.de\/#\/schema\/person\/image\/","url":"https:\/\/secure.gravatar.com\/avatar\/2ea0191c8156942236e29e1239d7ab8d?s=96&d=mm&r=g","contentUrl":"https:\/\/secure.gravatar.com\/avatar\/2ea0191c8156942236e29e1239d7ab8d?s=96&d=mm&r=g","caption":"ChristianRenger"},"url":"https:\/\/www.lr-ip.de\/en\/author\/christianrenger\/"}]}},"_links":{"self":[{"href":"https:\/\/www.lr-ip.de\/en\/wp-json\/wp\/v2\/posts\/29457","targetHints":{"allow":["GET"]}}],"collection":[{"href":"https:\/\/www.lr-ip.de\/en\/wp-json\/wp\/v2\/posts"}],"about":[{"href":"https:\/\/www.lr-ip.de\/en\/wp-json\/wp\/v2\/types\/post"}],"author":[{"embeddable":true,"href":"https:\/\/www.lr-ip.de\/en\/wp-json\/wp\/v2\/users\/3"}],"replies":[{"embeddable":true,"href":"https:\/\/www.lr-ip.de\/en\/wp-json\/wp\/v2\/comments?post=29457"}],"version-history":[{"count":1,"href":"https:\/\/www.lr-ip.de\/en\/wp-json\/wp\/v2\/posts\/29457\/revisions"}],"predecessor-version":[{"id":29460,"href":"https:\/\/www.lr-ip.de\/en\/wp-json\/wp\/v2\/posts\/29457\/revisions\/29460"}],"wp:featuredmedia":[{"embeddable":true,"href":"https:\/\/www.lr-ip.de\/en\/wp-json\/wp\/v2\/media\/29458"}],"wp:attachment":[{"href":"https:\/\/www.lr-ip.de\/en\/wp-json\/wp\/v2\/media?parent=29457"}],"wp:term":[{"taxonomy":"category","embeddable":true,"href":"https:\/\/www.lr-ip.de\/en\/wp-json\/wp\/v2\/categories?post=29457"},{"taxonomy":"post_tag","embeddable":true,"href":"https:\/\/www.lr-ip.de\/en\/wp-json\/wp\/v2\/tags?post=29457"}],"curies":[{"name":"wp","href":"https:\/\/api.w.org\/{rel}","templated":true}]}}