{"id":29314,"date":"2021-08-30T10:06:34","date_gmt":"2021-08-30T08:06:34","guid":{"rendered":"https:\/\/www.lr-ip.de\/?p=29314"},"modified":"2021-09-06T10:12:10","modified_gmt":"2021-09-06T08:12:10","slug":"markenrecht-unterscheidungskraft-von-hoermarken","status":"publish","type":"post","link":"https:\/\/www.lr-ip.de\/en\/aktuelles\/markenrecht-unterscheidungskraft-von-hoermarken\/","title":{"rendered":"Markenrecht: Unterscheidungskraft von H\u00f6rmarken"},"content":{"rendered":"<div class=\"wpb-content-wrapper\"><p>[vc_row][vc_column][vc_column_text]<\/p>\n<h1 style=\"font-weight: 400;\"><strong>Markenrecht: Unterscheidungskraft von H\u00f6rmarken<\/strong><\/h1>\n<p style=\"font-weight: 400;\">Eine Audiodatei von dem Ger\u00e4usch des \u00d6ffnens einer Getr\u00e4nkedose, gefolgt von Ger\u00e4uschlosigkeit und anschlie\u00dfendem Prickeln kann mangels Unterscheidungskraft nicht also Unionsmarke f\u00fcr verschiedene Getr\u00e4nke sowie Beh\u00e4lter aus Metall f\u00fcr Lagerung und Transport eingetragen werden; EuG, Urteil vom 07.07.2021, Az. T \u2013 668\/19.<\/p>\n<p style=\"font-weight: 400;\"><strong>Sachverhalt:<\/strong><\/p>\n<p style=\"font-weight: 400;\">Die Kl\u00e4gerin, ein Verpackungsunternehmen aus Bonn, meldete im Jahr 2018 beim Amt der Europ\u00e4ischen Union f\u00fcr geistiges Eigentum (EUIPO) eine Unionsmarke an. Dabei handelte es sich um ein H\u00f6rzeichen in Form einer Audiodatei. Auf dieser war ein Klang zu h\u00f6ren, der beim \u00d6ffnen einer Getr\u00e4nkedose entsteht, gefolgt von etwa einer Sekunde ohne Ger\u00e4usch und einem Prickeln von etwa neun Sekunden. Die Marke bezog sich auf verschiedene Getr\u00e4nke sowie Beh\u00e4lter aus Metall f\u00fcr Lagerung und Transport. Das EUIPO wies die Anmeldung der Marke aber mangels Unterscheidungskraft zur\u00fcck. Gegen diese Entscheidung klagte das Unternehmen vor dem EuGH.<\/p>\n<p style=\"font-weight: 400;\"><strong>Entscheidungsgr\u00fcnde:<\/strong><\/p>\n<p style=\"font-weight: 400;\">Der EuG hat die Klage abgewiesen und damit die Entscheidung des EUIPO best\u00e4tigt.<\/p>\n<p style=\"font-weight: 400;\">Grunds\u00e4tzlich w\u00fcrden f\u00fcr die Beurteilung der Unterscheidungskraft von H\u00f6rmarken die gleichen Kriterien gelten wie f\u00fcr alle Markenkategorien. F\u00fcr die Eintragung einer solchen sei es notwendig, dass das H\u00f6rzeichen \u00fcber eine gewisse Resonanz verf\u00fcgt, wodurch ein Verbraucher es erkennen und es als Marke \u2013 und nicht blo\u00df als funktionalen Bestandteil oder als Indikator ohne wesenseigene Merkmale \u2013 auffassen k\u00f6nne. Das H\u00f6rzeichen m\u00fcsse dem Verbraucher die M\u00f6glichkeit zur Identifizierung als Marke bieten. Dazu m\u00fcsse das blo\u00dfe Klangelement alleine, ohne Kombination mit anderen Elementen wie insbesondere Wort- oder Bildelementen oder gar einer anderen Marke, den Verbraucher in die Lage versetzen, die Verbindung zu dessen betrieblicher Herkunft herzustellen zu k\u00f6nnen.<\/p>\n<p style=\"font-weight: 400;\">Der Klang der beim \u00d6ffnen einer Dose entsteht, werde in Anbetracht der in Rede stehenden Waren als ein rein technisches und funktionelles Element angesehen. Das \u00d6ffnen einer Dose oder Flasche beinhalte eine zum Zweck des Verzehrs erforderliche technische, unabh\u00e4ngig davon, ob diese Ware Kohlens\u00e4uren enth\u00e4lt oder nicht. Auch der Klang des Prickelns von Perlen sei lediglich ein Hinweis auf die Eigenschaften dieser Waren und kein Hinweis auf die betriebliche Herkunft. Zwar w\u00fcrden die ma\u00dfgeblichen Verkehrskreise diesen Klang mit Getr\u00e4nken verbinden. Er sei aber in seiner Gesamtheit nicht pr\u00e4gnant genug, um sich von vergleichbaren Kl\u00e4ngen auf dem Gebiet der Getr\u00e4nke zu unterscheiden. Somit weise der Klang des H\u00f6rzeichens insgesamt nur einen unmittelbaren Bezug zu den beanspruchten Waren auf, so dass dieser Marke die Unterscheidungskraft fehle.<\/p>\n<p style=\"font-weight: 400;\">Das EUIPO habe zurecht die Zur\u00fcckweisung der Markenanmeldung ma\u00dfgeblich darauf gest\u00fctzt, dass der Klang des H\u00f6rzeichens nur rein technische und funktionelle Elemente darstellt.<\/p>\n<p>[\/vc_column_text][\/vc_column][\/vc_row]<\/p>\n<\/div>","protected":false},"excerpt":{"rendered":"<p>[vc_row][vc_column][vc_column_text] Markenrecht: Unterscheidungskraft von H\u00f6rmarken Eine Audiodatei von dem Ger\u00e4usch des \u00d6ffnens einer Getr\u00e4nkedose, gefolgt von Ger\u00e4uschlosigkeit und anschlie\u00dfendem Prickeln kann mangels Unterscheidungskraft nicht also Unionsmarke f\u00fcr verschiedene Getr\u00e4nke sowie Beh\u00e4lter aus Metall f\u00fcr Lagerung und Transport eingetragen werden; EuG, Urteil vom 07.07.2021, Az. T \u2013 668\/19. Sachverhalt: Die Kl\u00e4gerin, ein Verpackungsunternehmen aus Bonn, meldete&hellip;<\/p>\n","protected":false},"author":3,"featured_media":29316,"comment_status":"closed","ping_status":"closed","sticky":false,"template":"","format":"standard","meta":{"footnotes":""},"categories":[1],"tags":[],"class_list":["post-29314","post","type-post","status-publish","format-standard","has-post-thumbnail","hentry","category-aktuelles","category-1","description-off"],"yoast_head":"<!-- This site is optimized with the Yoast SEO plugin v23.4 - https:\/\/yoast.com\/wordpress\/plugins\/seo\/ -->\n<title>Markenrecht: Unterscheidungskraft von H\u00f6rmarken - Rechtsanw\u00e4lte Lintl Renger M\u00fcnchen<\/title>\n<meta name=\"description\" content=\"Unterlassungsschuldner haftet nicht f\u00fcr Websites Dritter\" \/>\n<meta name=\"robots\" content=\"index, follow, max-snippet:-1, max-image-preview:large, max-video-preview:-1\" \/>\n<link rel=\"canonical\" href=\"https:\/\/www.lr-ip.de\/en\/aktuelles\/markenrecht-unterscheidungskraft-von-hoermarken\/\" \/>\n<meta property=\"og:locale\" content=\"en_US\" \/>\n<meta property=\"og:type\" content=\"article\" \/>\n<meta property=\"og:title\" content=\"Markenrecht: Unterscheidungskraft von H\u00f6rmarken - Rechtsanw\u00e4lte Lintl Renger M\u00fcnchen\" \/>\n<meta property=\"og:description\" content=\"Unterlassungsschuldner haftet nicht f\u00fcr Websites Dritter\" \/>\n<meta property=\"og:url\" content=\"https:\/\/www.lr-ip.de\/en\/aktuelles\/markenrecht-unterscheidungskraft-von-hoermarken\/\" \/>\n<meta property=\"og:site_name\" content=\"Rechtsanw\u00e4lte Lintl Renger M\u00fcnchen\" \/>\n<meta property=\"article:published_time\" content=\"2021-08-30T08:06:34+00:00\" \/>\n<meta property=\"article:modified_time\" content=\"2021-09-06T08:12:10+00:00\" \/>\n<meta property=\"og:image\" content=\"https:\/\/www.lr-ip.de\/wp-content\/uploads\/2021\/08\/Markenrecht-Unterscheidungskraft-von-Ho\u0308rmarken.jpeg\" \/>\n\t<meta property=\"og:image:width\" content=\"1199\" \/>\n\t<meta property=\"og:image:height\" content=\"800\" \/>\n\t<meta property=\"og:image:type\" content=\"image\/jpeg\" \/>\n<meta name=\"author\" content=\"ChristianRenger\" \/>\n<meta name=\"twitter:card\" content=\"summary_large_image\" \/>\n<meta name=\"twitter:label1\" content=\"Written by\" \/>\n\t<meta name=\"twitter:data1\" content=\"ChristianRenger\" \/>\n\t<meta name=\"twitter:label2\" content=\"Est. reading time\" \/>\n\t<meta name=\"twitter:data2\" content=\"2 minutes\" \/>\n<script type=\"application\/ld+json\" class=\"yoast-schema-graph\">{\"@context\":\"https:\/\/schema.org\",\"@graph\":[{\"@type\":\"WebPage\",\"@id\":\"https:\/\/www.lr-ip.de\/en\/aktuelles\/markenrecht-unterscheidungskraft-von-hoermarken\/\",\"url\":\"https:\/\/www.lr-ip.de\/en\/aktuelles\/markenrecht-unterscheidungskraft-von-hoermarken\/\",\"name\":\"Markenrecht: Unterscheidungskraft von H\u00f6rmarken - Rechtsanw\u00e4lte Lintl Renger M\u00fcnchen\",\"isPartOf\":{\"@id\":\"https:\/\/www.lr-ip.de\/#website\"},\"primaryImageOfPage\":{\"@id\":\"https:\/\/www.lr-ip.de\/en\/aktuelles\/markenrecht-unterscheidungskraft-von-hoermarken\/#primaryimage\"},\"image\":{\"@id\":\"https:\/\/www.lr-ip.de\/en\/aktuelles\/markenrecht-unterscheidungskraft-von-hoermarken\/#primaryimage\"},\"thumbnailUrl\":\"https:\/\/www.lr-ip.de\/wp-content\/uploads\/2021\/08\/Markenrecht-Unterscheidungskraft-von-Ho\u0308rmarken.jpeg\",\"datePublished\":\"2021-08-30T08:06:34+00:00\",\"dateModified\":\"2021-09-06T08:12:10+00:00\",\"author\":{\"@id\":\"https:\/\/www.lr-ip.de\/#\/schema\/person\/8c4bd427fc9a8e2039aae528b6bcdadd\"},\"description\":\"Unterlassungsschuldner haftet nicht f\u00fcr Websites Dritter\",\"breadcrumb\":{\"@id\":\"https:\/\/www.lr-ip.de\/en\/aktuelles\/markenrecht-unterscheidungskraft-von-hoermarken\/#breadcrumb\"},\"inLanguage\":\"en-US\",\"potentialAction\":[{\"@type\":\"ReadAction\",\"target\":[\"https:\/\/www.lr-ip.de\/en\/aktuelles\/markenrecht-unterscheidungskraft-von-hoermarken\/\"]}]},{\"@type\":\"ImageObject\",\"inLanguage\":\"en-US\",\"@id\":\"https:\/\/www.lr-ip.de\/en\/aktuelles\/markenrecht-unterscheidungskraft-von-hoermarken\/#primaryimage\",\"url\":\"https:\/\/www.lr-ip.de\/wp-content\/uploads\/2021\/08\/Markenrecht-Unterscheidungskraft-von-Ho\u0308rmarken.jpeg\",\"contentUrl\":\"https:\/\/www.lr-ip.de\/wp-content\/uploads\/2021\/08\/Markenrecht-Unterscheidungskraft-von-Ho\u0308rmarken.jpeg\",\"width\":1199,\"height\":800,\"caption\":\"Markenrecht Unterscheidungskraft von Ho\u0308rmarken\"},{\"@type\":\"BreadcrumbList\",\"@id\":\"https:\/\/www.lr-ip.de\/en\/aktuelles\/markenrecht-unterscheidungskraft-von-hoermarken\/#breadcrumb\",\"itemListElement\":[{\"@type\":\"ListItem\",\"position\":1,\"name\":\"Startseite\",\"item\":\"https:\/\/www.lr-ip.de\/en\/\"},{\"@type\":\"ListItem\",\"position\":2,\"name\":\"Markenrecht: Unterscheidungskraft von H\u00f6rmarken\"}]},{\"@type\":\"WebSite\",\"@id\":\"https:\/\/www.lr-ip.de\/#website\",\"url\":\"https:\/\/www.lr-ip.de\/\",\"name\":\"Rechtsanw\u00e4lte Lintl Renger M\u00fcnchen\",\"description\":\"Markenschutz, Designschutz, Patentschutz und Wettbewerbsrecht\",\"potentialAction\":[{\"@type\":\"SearchAction\",\"target\":{\"@type\":\"EntryPoint\",\"urlTemplate\":\"https:\/\/www.lr-ip.de\/?s={search_term_string}\"},\"query-input\":{\"@type\":\"PropertyValueSpecification\",\"valueRequired\":true,\"valueName\":\"search_term_string\"}}],\"inLanguage\":\"en-US\"},{\"@type\":\"Person\",\"@id\":\"https:\/\/www.lr-ip.de\/#\/schema\/person\/8c4bd427fc9a8e2039aae528b6bcdadd\",\"name\":\"ChristianRenger\",\"image\":{\"@type\":\"ImageObject\",\"inLanguage\":\"en-US\",\"@id\":\"https:\/\/www.lr-ip.de\/#\/schema\/person\/image\/\",\"url\":\"https:\/\/secure.gravatar.com\/avatar\/2ea0191c8156942236e29e1239d7ab8d?s=96&d=mm&r=g\",\"contentUrl\":\"https:\/\/secure.gravatar.com\/avatar\/2ea0191c8156942236e29e1239d7ab8d?s=96&d=mm&r=g\",\"caption\":\"ChristianRenger\"},\"url\":\"https:\/\/www.lr-ip.de\/en\/author\/christianrenger\/\"}]}<\/script>\n<!-- \/ Yoast SEO plugin. -->","yoast_head_json":{"title":"Markenrecht: Unterscheidungskraft von H\u00f6rmarken - Rechtsanw\u00e4lte Lintl Renger M\u00fcnchen","description":"Unterlassungsschuldner haftet nicht f\u00fcr Websites Dritter","robots":{"index":"index","follow":"follow","max-snippet":"max-snippet:-1","max-image-preview":"max-image-preview:large","max-video-preview":"max-video-preview:-1"},"canonical":"https:\/\/www.lr-ip.de\/en\/aktuelles\/markenrecht-unterscheidungskraft-von-hoermarken\/","og_locale":"en_US","og_type":"article","og_title":"Markenrecht: Unterscheidungskraft von H\u00f6rmarken - Rechtsanw\u00e4lte Lintl Renger M\u00fcnchen","og_description":"Unterlassungsschuldner haftet nicht f\u00fcr Websites Dritter","og_url":"https:\/\/www.lr-ip.de\/en\/aktuelles\/markenrecht-unterscheidungskraft-von-hoermarken\/","og_site_name":"Rechtsanw\u00e4lte Lintl Renger M\u00fcnchen","article_published_time":"2021-08-30T08:06:34+00:00","article_modified_time":"2021-09-06T08:12:10+00:00","og_image":[{"width":1199,"height":800,"url":"https:\/\/www.lr-ip.de\/wp-content\/uploads\/2021\/08\/Markenrecht-Unterscheidungskraft-von-Ho\u0308rmarken.jpeg","type":"image\/jpeg"}],"author":"ChristianRenger","twitter_card":"summary_large_image","twitter_misc":{"Written by":"ChristianRenger","Est. reading time":"2 minutes"},"schema":{"@context":"https:\/\/schema.org","@graph":[{"@type":"WebPage","@id":"https:\/\/www.lr-ip.de\/en\/aktuelles\/markenrecht-unterscheidungskraft-von-hoermarken\/","url":"https:\/\/www.lr-ip.de\/en\/aktuelles\/markenrecht-unterscheidungskraft-von-hoermarken\/","name":"Markenrecht: Unterscheidungskraft von H\u00f6rmarken - Rechtsanw\u00e4lte Lintl Renger M\u00fcnchen","isPartOf":{"@id":"https:\/\/www.lr-ip.de\/#website"},"primaryImageOfPage":{"@id":"https:\/\/www.lr-ip.de\/en\/aktuelles\/markenrecht-unterscheidungskraft-von-hoermarken\/#primaryimage"},"image":{"@id":"https:\/\/www.lr-ip.de\/en\/aktuelles\/markenrecht-unterscheidungskraft-von-hoermarken\/#primaryimage"},"thumbnailUrl":"https:\/\/www.lr-ip.de\/wp-content\/uploads\/2021\/08\/Markenrecht-Unterscheidungskraft-von-Ho\u0308rmarken.jpeg","datePublished":"2021-08-30T08:06:34+00:00","dateModified":"2021-09-06T08:12:10+00:00","author":{"@id":"https:\/\/www.lr-ip.de\/#\/schema\/person\/8c4bd427fc9a8e2039aae528b6bcdadd"},"description":"Unterlassungsschuldner haftet nicht f\u00fcr Websites Dritter","breadcrumb":{"@id":"https:\/\/www.lr-ip.de\/en\/aktuelles\/markenrecht-unterscheidungskraft-von-hoermarken\/#breadcrumb"},"inLanguage":"en-US","potentialAction":[{"@type":"ReadAction","target":["https:\/\/www.lr-ip.de\/en\/aktuelles\/markenrecht-unterscheidungskraft-von-hoermarken\/"]}]},{"@type":"ImageObject","inLanguage":"en-US","@id":"https:\/\/www.lr-ip.de\/en\/aktuelles\/markenrecht-unterscheidungskraft-von-hoermarken\/#primaryimage","url":"https:\/\/www.lr-ip.de\/wp-content\/uploads\/2021\/08\/Markenrecht-Unterscheidungskraft-von-Ho\u0308rmarken.jpeg","contentUrl":"https:\/\/www.lr-ip.de\/wp-content\/uploads\/2021\/08\/Markenrecht-Unterscheidungskraft-von-Ho\u0308rmarken.jpeg","width":1199,"height":800,"caption":"Markenrecht Unterscheidungskraft von Ho\u0308rmarken"},{"@type":"BreadcrumbList","@id":"https:\/\/www.lr-ip.de\/en\/aktuelles\/markenrecht-unterscheidungskraft-von-hoermarken\/#breadcrumb","itemListElement":[{"@type":"ListItem","position":1,"name":"Startseite","item":"https:\/\/www.lr-ip.de\/en\/"},{"@type":"ListItem","position":2,"name":"Markenrecht: Unterscheidungskraft von H\u00f6rmarken"}]},{"@type":"WebSite","@id":"https:\/\/www.lr-ip.de\/#website","url":"https:\/\/www.lr-ip.de\/","name":"Rechtsanw\u00e4lte Lintl Renger M\u00fcnchen","description":"Markenschutz, Designschutz, Patentschutz und Wettbewerbsrecht","potentialAction":[{"@type":"SearchAction","target":{"@type":"EntryPoint","urlTemplate":"https:\/\/www.lr-ip.de\/?s={search_term_string}"},"query-input":{"@type":"PropertyValueSpecification","valueRequired":true,"valueName":"search_term_string"}}],"inLanguage":"en-US"},{"@type":"Person","@id":"https:\/\/www.lr-ip.de\/#\/schema\/person\/8c4bd427fc9a8e2039aae528b6bcdadd","name":"ChristianRenger","image":{"@type":"ImageObject","inLanguage":"en-US","@id":"https:\/\/www.lr-ip.de\/#\/schema\/person\/image\/","url":"https:\/\/secure.gravatar.com\/avatar\/2ea0191c8156942236e29e1239d7ab8d?s=96&d=mm&r=g","contentUrl":"https:\/\/secure.gravatar.com\/avatar\/2ea0191c8156942236e29e1239d7ab8d?s=96&d=mm&r=g","caption":"ChristianRenger"},"url":"https:\/\/www.lr-ip.de\/en\/author\/christianrenger\/"}]}},"_links":{"self":[{"href":"https:\/\/www.lr-ip.de\/en\/wp-json\/wp\/v2\/posts\/29314","targetHints":{"allow":["GET"]}}],"collection":[{"href":"https:\/\/www.lr-ip.de\/en\/wp-json\/wp\/v2\/posts"}],"about":[{"href":"https:\/\/www.lr-ip.de\/en\/wp-json\/wp\/v2\/types\/post"}],"author":[{"embeddable":true,"href":"https:\/\/www.lr-ip.de\/en\/wp-json\/wp\/v2\/users\/3"}],"replies":[{"embeddable":true,"href":"https:\/\/www.lr-ip.de\/en\/wp-json\/wp\/v2\/comments?post=29314"}],"version-history":[{"count":1,"href":"https:\/\/www.lr-ip.de\/en\/wp-json\/wp\/v2\/posts\/29314\/revisions"}],"predecessor-version":[{"id":29315,"href":"https:\/\/www.lr-ip.de\/en\/wp-json\/wp\/v2\/posts\/29314\/revisions\/29315"}],"wp:featuredmedia":[{"embeddable":true,"href":"https:\/\/www.lr-ip.de\/en\/wp-json\/wp\/v2\/media\/29316"}],"wp:attachment":[{"href":"https:\/\/www.lr-ip.de\/en\/wp-json\/wp\/v2\/media?parent=29314"}],"wp:term":[{"taxonomy":"category","embeddable":true,"href":"https:\/\/www.lr-ip.de\/en\/wp-json\/wp\/v2\/categories?post=29314"},{"taxonomy":"post_tag","embeddable":true,"href":"https:\/\/www.lr-ip.de\/en\/wp-json\/wp\/v2\/tags?post=29314"}],"curies":[{"name":"wp","href":"https:\/\/api.w.org\/{rel}","templated":true}]}}