{"id":29162,"date":"2021-01-05T13:56:13","date_gmt":"2021-01-05T12:56:13","guid":{"rendered":"https:\/\/www.lr-ip.de\/?p=29162"},"modified":"2021-01-28T13:59:36","modified_gmt":"2021-01-28T12:59:36","slug":"widerrufsrechts-bei-individuell-hergestellten-waren","status":"publish","type":"post","link":"https:\/\/www.lr-ip.de\/en\/aktuelles\/widerrufsrechts-bei-individuell-hergestellten-waren\/","title":{"rendered":"Widerrufsrechts bei individuell hergestellten Waren"},"content":{"rendered":"<div class=\"wpb-content-wrapper\"><p>[vc_row][vc_column][vc_column_text]<\/p>\n<h1 style=\"font-weight: 400;\"><strong>Widerrufsrechts bei individuell hergestellten Waren<\/strong><\/h1>\n<div class=\"gap\" style=\"line-height: 10px; height: 10px;\"><\/div>\n<p style=\"font-weight: 400;\">Das grunds\u00e4tzlich dem Verbraucher zustehende Widerrufsrecht bei au\u00dferhalb von Gesch\u00e4ftsr\u00e4umen geschlossenen Vertr\u00e4gen und Fernabsatzvertr\u00e4gen besteht nicht, wenn die Waren f\u00fcr den Kunden individuell angefertigt werden oder speziell auf die pers\u00f6nlichen Bed\u00fcrfnisse des Kunden zugeschnitten sind. \u00a7 312g Abs. 2 Nr. 1 BGB ist insoweit mit der EU-Verbraucherrechte-Richtlinie 2011\/83\/EU vereinbar. Der europ\u00e4ische Gerichtshof (EuGH) hat nun entschieden, dass dies auch dann gilt, wenn der Verk\u00e4ufer mit der Herstellung der bestellten Ware noch nicht begonnen hat (EuGH, Urteil vom 21.10.2020, Az. C-529\/19).<\/p>\n<h2 style=\"font-weight: 400;\"><strong>Sachverhalt<\/strong><\/h2>\n<p style=\"font-weight: 400;\">Eine Verbraucherin kaufte auf einer gewerblichen Messe bei einem M\u00f6belh\u00e4ndler eine Einbauk\u00fcche. Dabei sollten Teile der K\u00fcche von einer Drittfirma individuell hergestellt werden. Noch bevor diese mit der Herstellung begonnen hatte, erkl\u00e4rte die Kundin den Widerruf und verweigerte die Annahme der K\u00fcche. Der M\u00f6belh\u00e4ndler fertigte dennoch die K\u00fcche und verklagte die Kundin auf Abnahme und Zahlung von Schadensersatz wegen Nichterf\u00fcllung. Er berief sich dabei auf den Ausschluss des Widerrufs bei individuell herzustellender Waren gem\u00e4\u00df \u00a7 312g Abs. 2 Nr. 1 BGB. Die Beklagte wandte ein, dass das Unternehmen noch gar nicht mit der Herstellung der entsprechenden K\u00fcchen-Teile begonnen hatte und damit keinerlei Schaden entstanden sei. Der EuGH hatte auf Vorlage des AG die Frage zu entscheiden, ob der Verbraucherin ein Widerrufsrecht zustand, wenn der Verk\u00e4ufer beziehungsweise die Drittfirma im Zeitpunkt des Widerrufs noch nicht mit der individualisierten Herstellung begonnen hat.<\/p>\n<h2 style=\"font-weight: 400;\"><strong>Entscheidungsgr\u00fcnde<\/strong><\/h2>\n<p style=\"font-weight: 400;\">Der EuGH entschied, dass das Widerrufsrecht der Verbraucherin ausgeschlossen war. Ma\u00dfgeblich f\u00fcr das Vorliegen eines Widerrufsrechts ist der zugrundeliegende Kaufvertrag. Aus diesem m\u00fcssen sich alle Rechte und Pflichten ergeben. Im Zeitpunkt des konkreten Vertragsschlusses war ein Widerrufsrecht nach Art. 16 lit. c) VRRL ausgeschlossen, weil die Einbauk\u00fcche individuell angefertigt werden sollte. Es kommt somit nicht darauf an, ob der Unternehmer schon mit der Herstellung begonnen hat, zumal dies bei Vertragsschluss regelm\u00e4\u00dfig nicht der Fall ist.<\/p>\n<p style=\"font-weight: 400;\"><strong>Zu Fragen zum Bestehen eines Widerrufsrechts oder dessen Ausnahmen, beraten wir Sie gerne.<\/strong><\/p>\n<p>[\/vc_column_text][\/vc_column][\/vc_row]<\/p>\n<\/div>","protected":false},"excerpt":{"rendered":"<p>[vc_row][vc_column][vc_column_text] Widerrufsrechts bei individuell hergestellten Waren Das grunds\u00e4tzlich dem Verbraucher zustehende Widerrufsrecht bei au\u00dferhalb von Gesch\u00e4ftsr\u00e4umen geschlossenen Vertr\u00e4gen und Fernabsatzvertr\u00e4gen besteht nicht, wenn die Waren f\u00fcr den Kunden individuell angefertigt werden oder speziell auf die pers\u00f6nlichen Bed\u00fcrfnisse des Kunden zugeschnitten sind. \u00a7 312g Abs. 2 Nr. 1 BGB ist insoweit mit der EU-Verbraucherrechte-Richtlinie 2011\/83\/EU vereinbar.&hellip;<\/p>\n","protected":false},"author":3,"featured_media":29163,"comment_status":"closed","ping_status":"closed","sticky":false,"template":"","format":"standard","meta":{"footnotes":""},"categories":[1],"tags":[],"class_list":["post-29162","post","type-post","status-publish","format-standard","has-post-thumbnail","hentry","category-aktuelles","category-1","description-off"],"yoast_head":"<!-- This site is optimized with the Yoast SEO plugin v23.4 - https:\/\/yoast.com\/wordpress\/plugins\/seo\/ -->\n<title>Widerrufsrechts bei individuell hergestellten Waren - Rechtsanw\u00e4lte Lintl Renger M\u00fcnchen<\/title>\n<meta name=\"robots\" content=\"index, follow, max-snippet:-1, max-image-preview:large, max-video-preview:-1\" \/>\n<link rel=\"canonical\" href=\"https:\/\/www.lr-ip.de\/aktuelles\/widerrufsrechts-bei-individuell-hergestellten-waren\/\" \/>\n<meta property=\"og:locale\" content=\"en_US\" \/>\n<meta property=\"og:type\" content=\"article\" \/>\n<meta property=\"og:title\" content=\"Widerrufsrechts bei individuell hergestellten Waren - Rechtsanw\u00e4lte Lintl Renger M\u00fcnchen\" \/>\n<meta property=\"og:description\" content=\"[vc_row][vc_column][vc_column_text] Widerrufsrechts bei individuell hergestellten Waren Das grunds\u00e4tzlich dem Verbraucher zustehende Widerrufsrecht bei au\u00dferhalb von Gesch\u00e4ftsr\u00e4umen geschlossenen Vertr\u00e4gen und Fernabsatzvertr\u00e4gen besteht nicht, wenn die Waren f\u00fcr den Kunden individuell angefertigt werden oder speziell auf die pers\u00f6nlichen Bed\u00fcrfnisse des Kunden zugeschnitten sind. \u00a7 312g Abs. 2 Nr. 1 BGB ist insoweit mit der EU-Verbraucherrechte-Richtlinie 2011\/83\/EU vereinbar.&hellip;\" \/>\n<meta property=\"og:url\" content=\"https:\/\/www.lr-ip.de\/aktuelles\/widerrufsrechts-bei-individuell-hergestellten-waren\/\" \/>\n<meta property=\"og:site_name\" content=\"Rechtsanw\u00e4lte Lintl Renger M\u00fcnchen\" \/>\n<meta property=\"article:published_time\" content=\"2021-01-05T12:56:13+00:00\" \/>\n<meta property=\"article:modified_time\" content=\"2021-01-28T12:59:36+00:00\" \/>\n<meta property=\"og:image\" content=\"https:\/\/www.lr-ip.de\/wp-content\/uploads\/2021\/01\/Widerrufsrechts-bei-individuell-hergestellten-Waren.jpeg\" \/>\n\t<meta property=\"og:image:width\" content=\"750\" \/>\n\t<meta property=\"og:image:height\" content=\"500\" \/>\n\t<meta property=\"og:image:type\" content=\"image\/jpeg\" \/>\n<meta name=\"author\" content=\"ChristianRenger\" \/>\n<meta name=\"twitter:card\" content=\"summary_large_image\" \/>\n<meta name=\"twitter:label1\" content=\"Written by\" \/>\n\t<meta name=\"twitter:data1\" content=\"ChristianRenger\" \/>\n\t<meta name=\"twitter:label2\" content=\"Est. reading time\" \/>\n\t<meta name=\"twitter:data2\" content=\"2 minutes\" \/>\n<script type=\"application\/ld+json\" class=\"yoast-schema-graph\">{\"@context\":\"https:\/\/schema.org\",\"@graph\":[{\"@type\":\"WebPage\",\"@id\":\"https:\/\/www.lr-ip.de\/aktuelles\/widerrufsrechts-bei-individuell-hergestellten-waren\/\",\"url\":\"https:\/\/www.lr-ip.de\/aktuelles\/widerrufsrechts-bei-individuell-hergestellten-waren\/\",\"name\":\"Widerrufsrechts bei individuell hergestellten Waren - Rechtsanw\u00e4lte Lintl Renger M\u00fcnchen\",\"isPartOf\":{\"@id\":\"https:\/\/www.lr-ip.de\/#website\"},\"primaryImageOfPage\":{\"@id\":\"https:\/\/www.lr-ip.de\/aktuelles\/widerrufsrechts-bei-individuell-hergestellten-waren\/#primaryimage\"},\"image\":{\"@id\":\"https:\/\/www.lr-ip.de\/aktuelles\/widerrufsrechts-bei-individuell-hergestellten-waren\/#primaryimage\"},\"thumbnailUrl\":\"https:\/\/www.lr-ip.de\/wp-content\/uploads\/2021\/01\/Widerrufsrechts-bei-individuell-hergestellten-Waren.jpeg\",\"datePublished\":\"2021-01-05T12:56:13+00:00\",\"dateModified\":\"2021-01-28T12:59:36+00:00\",\"author\":{\"@id\":\"https:\/\/www.lr-ip.de\/#\/schema\/person\/8c4bd427fc9a8e2039aae528b6bcdadd\"},\"breadcrumb\":{\"@id\":\"https:\/\/www.lr-ip.de\/aktuelles\/widerrufsrechts-bei-individuell-hergestellten-waren\/#breadcrumb\"},\"inLanguage\":\"en-US\",\"potentialAction\":[{\"@type\":\"ReadAction\",\"target\":[\"https:\/\/www.lr-ip.de\/aktuelles\/widerrufsrechts-bei-individuell-hergestellten-waren\/\"]}]},{\"@type\":\"ImageObject\",\"inLanguage\":\"en-US\",\"@id\":\"https:\/\/www.lr-ip.de\/aktuelles\/widerrufsrechts-bei-individuell-hergestellten-waren\/#primaryimage\",\"url\":\"https:\/\/www.lr-ip.de\/wp-content\/uploads\/2021\/01\/Widerrufsrechts-bei-individuell-hergestellten-Waren.jpeg\",\"contentUrl\":\"https:\/\/www.lr-ip.de\/wp-content\/uploads\/2021\/01\/Widerrufsrechts-bei-individuell-hergestellten-Waren.jpeg\",\"width\":750,\"height\":500,\"caption\":\"Widerrufsrecht von online Kaufvertrag Konzept auf einer Tafel\"},{\"@type\":\"BreadcrumbList\",\"@id\":\"https:\/\/www.lr-ip.de\/aktuelles\/widerrufsrechts-bei-individuell-hergestellten-waren\/#breadcrumb\",\"itemListElement\":[{\"@type\":\"ListItem\",\"position\":1,\"name\":\"Startseite\",\"item\":\"https:\/\/www.lr-ip.de\/en\/\"},{\"@type\":\"ListItem\",\"position\":2,\"name\":\"Widerrufsrechts bei individuell hergestellten Waren\"}]},{\"@type\":\"WebSite\",\"@id\":\"https:\/\/www.lr-ip.de\/#website\",\"url\":\"https:\/\/www.lr-ip.de\/\",\"name\":\"Rechtsanw\u00e4lte Lintl Renger M\u00fcnchen\",\"description\":\"Markenschutz, Designschutz, Patentschutz und Wettbewerbsrecht\",\"potentialAction\":[{\"@type\":\"SearchAction\",\"target\":{\"@type\":\"EntryPoint\",\"urlTemplate\":\"https:\/\/www.lr-ip.de\/?s={search_term_string}\"},\"query-input\":{\"@type\":\"PropertyValueSpecification\",\"valueRequired\":true,\"valueName\":\"search_term_string\"}}],\"inLanguage\":\"en-US\"},{\"@type\":\"Person\",\"@id\":\"https:\/\/www.lr-ip.de\/#\/schema\/person\/8c4bd427fc9a8e2039aae528b6bcdadd\",\"name\":\"ChristianRenger\",\"image\":{\"@type\":\"ImageObject\",\"inLanguage\":\"en-US\",\"@id\":\"https:\/\/www.lr-ip.de\/#\/schema\/person\/image\/\",\"url\":\"https:\/\/secure.gravatar.com\/avatar\/2ea0191c8156942236e29e1239d7ab8d?s=96&d=mm&r=g\",\"contentUrl\":\"https:\/\/secure.gravatar.com\/avatar\/2ea0191c8156942236e29e1239d7ab8d?s=96&d=mm&r=g\",\"caption\":\"ChristianRenger\"},\"url\":\"https:\/\/www.lr-ip.de\/en\/author\/christianrenger\/\"}]}<\/script>\n<!-- \/ Yoast SEO plugin. -->","yoast_head_json":{"title":"Widerrufsrechts bei individuell hergestellten Waren - Rechtsanw\u00e4lte Lintl Renger M\u00fcnchen","robots":{"index":"index","follow":"follow","max-snippet":"max-snippet:-1","max-image-preview":"max-image-preview:large","max-video-preview":"max-video-preview:-1"},"canonical":"https:\/\/www.lr-ip.de\/aktuelles\/widerrufsrechts-bei-individuell-hergestellten-waren\/","og_locale":"en_US","og_type":"article","og_title":"Widerrufsrechts bei individuell hergestellten Waren - Rechtsanw\u00e4lte Lintl Renger M\u00fcnchen","og_description":"[vc_row][vc_column][vc_column_text] Widerrufsrechts bei individuell hergestellten Waren Das grunds\u00e4tzlich dem Verbraucher zustehende Widerrufsrecht bei au\u00dferhalb von Gesch\u00e4ftsr\u00e4umen geschlossenen Vertr\u00e4gen und Fernabsatzvertr\u00e4gen besteht nicht, wenn die Waren f\u00fcr den Kunden individuell angefertigt werden oder speziell auf die pers\u00f6nlichen Bed\u00fcrfnisse des Kunden zugeschnitten sind. \u00a7 312g Abs. 2 Nr. 1 BGB ist insoweit mit der EU-Verbraucherrechte-Richtlinie 2011\/83\/EU vereinbar.&hellip;","og_url":"https:\/\/www.lr-ip.de\/aktuelles\/widerrufsrechts-bei-individuell-hergestellten-waren\/","og_site_name":"Rechtsanw\u00e4lte Lintl Renger M\u00fcnchen","article_published_time":"2021-01-05T12:56:13+00:00","article_modified_time":"2021-01-28T12:59:36+00:00","og_image":[{"width":750,"height":500,"url":"https:\/\/www.lr-ip.de\/wp-content\/uploads\/2021\/01\/Widerrufsrechts-bei-individuell-hergestellten-Waren.jpeg","type":"image\/jpeg"}],"author":"ChristianRenger","twitter_card":"summary_large_image","twitter_misc":{"Written by":"ChristianRenger","Est. reading time":"2 minutes"},"schema":{"@context":"https:\/\/schema.org","@graph":[{"@type":"WebPage","@id":"https:\/\/www.lr-ip.de\/aktuelles\/widerrufsrechts-bei-individuell-hergestellten-waren\/","url":"https:\/\/www.lr-ip.de\/aktuelles\/widerrufsrechts-bei-individuell-hergestellten-waren\/","name":"Widerrufsrechts bei individuell hergestellten Waren - Rechtsanw\u00e4lte Lintl Renger M\u00fcnchen","isPartOf":{"@id":"https:\/\/www.lr-ip.de\/#website"},"primaryImageOfPage":{"@id":"https:\/\/www.lr-ip.de\/aktuelles\/widerrufsrechts-bei-individuell-hergestellten-waren\/#primaryimage"},"image":{"@id":"https:\/\/www.lr-ip.de\/aktuelles\/widerrufsrechts-bei-individuell-hergestellten-waren\/#primaryimage"},"thumbnailUrl":"https:\/\/www.lr-ip.de\/wp-content\/uploads\/2021\/01\/Widerrufsrechts-bei-individuell-hergestellten-Waren.jpeg","datePublished":"2021-01-05T12:56:13+00:00","dateModified":"2021-01-28T12:59:36+00:00","author":{"@id":"https:\/\/www.lr-ip.de\/#\/schema\/person\/8c4bd427fc9a8e2039aae528b6bcdadd"},"breadcrumb":{"@id":"https:\/\/www.lr-ip.de\/aktuelles\/widerrufsrechts-bei-individuell-hergestellten-waren\/#breadcrumb"},"inLanguage":"en-US","potentialAction":[{"@type":"ReadAction","target":["https:\/\/www.lr-ip.de\/aktuelles\/widerrufsrechts-bei-individuell-hergestellten-waren\/"]}]},{"@type":"ImageObject","inLanguage":"en-US","@id":"https:\/\/www.lr-ip.de\/aktuelles\/widerrufsrechts-bei-individuell-hergestellten-waren\/#primaryimage","url":"https:\/\/www.lr-ip.de\/wp-content\/uploads\/2021\/01\/Widerrufsrechts-bei-individuell-hergestellten-Waren.jpeg","contentUrl":"https:\/\/www.lr-ip.de\/wp-content\/uploads\/2021\/01\/Widerrufsrechts-bei-individuell-hergestellten-Waren.jpeg","width":750,"height":500,"caption":"Widerrufsrecht von online Kaufvertrag Konzept auf einer Tafel"},{"@type":"BreadcrumbList","@id":"https:\/\/www.lr-ip.de\/aktuelles\/widerrufsrechts-bei-individuell-hergestellten-waren\/#breadcrumb","itemListElement":[{"@type":"ListItem","position":1,"name":"Startseite","item":"https:\/\/www.lr-ip.de\/en\/"},{"@type":"ListItem","position":2,"name":"Widerrufsrechts bei individuell hergestellten Waren"}]},{"@type":"WebSite","@id":"https:\/\/www.lr-ip.de\/#website","url":"https:\/\/www.lr-ip.de\/","name":"Rechtsanw\u00e4lte Lintl Renger M\u00fcnchen","description":"Markenschutz, Designschutz, Patentschutz und Wettbewerbsrecht","potentialAction":[{"@type":"SearchAction","target":{"@type":"EntryPoint","urlTemplate":"https:\/\/www.lr-ip.de\/?s={search_term_string}"},"query-input":{"@type":"PropertyValueSpecification","valueRequired":true,"valueName":"search_term_string"}}],"inLanguage":"en-US"},{"@type":"Person","@id":"https:\/\/www.lr-ip.de\/#\/schema\/person\/8c4bd427fc9a8e2039aae528b6bcdadd","name":"ChristianRenger","image":{"@type":"ImageObject","inLanguage":"en-US","@id":"https:\/\/www.lr-ip.de\/#\/schema\/person\/image\/","url":"https:\/\/secure.gravatar.com\/avatar\/2ea0191c8156942236e29e1239d7ab8d?s=96&d=mm&r=g","contentUrl":"https:\/\/secure.gravatar.com\/avatar\/2ea0191c8156942236e29e1239d7ab8d?s=96&d=mm&r=g","caption":"ChristianRenger"},"url":"https:\/\/www.lr-ip.de\/en\/author\/christianrenger\/"}]}},"_links":{"self":[{"href":"https:\/\/www.lr-ip.de\/en\/wp-json\/wp\/v2\/posts\/29162","targetHints":{"allow":["GET"]}}],"collection":[{"href":"https:\/\/www.lr-ip.de\/en\/wp-json\/wp\/v2\/posts"}],"about":[{"href":"https:\/\/www.lr-ip.de\/en\/wp-json\/wp\/v2\/types\/post"}],"author":[{"embeddable":true,"href":"https:\/\/www.lr-ip.de\/en\/wp-json\/wp\/v2\/users\/3"}],"replies":[{"embeddable":true,"href":"https:\/\/www.lr-ip.de\/en\/wp-json\/wp\/v2\/comments?post=29162"}],"version-history":[{"count":1,"href":"https:\/\/www.lr-ip.de\/en\/wp-json\/wp\/v2\/posts\/29162\/revisions"}],"predecessor-version":[{"id":29165,"href":"https:\/\/www.lr-ip.de\/en\/wp-json\/wp\/v2\/posts\/29162\/revisions\/29165"}],"wp:featuredmedia":[{"embeddable":true,"href":"https:\/\/www.lr-ip.de\/en\/wp-json\/wp\/v2\/media\/29163"}],"wp:attachment":[{"href":"https:\/\/www.lr-ip.de\/en\/wp-json\/wp\/v2\/media?parent=29162"}],"wp:term":[{"taxonomy":"category","embeddable":true,"href":"https:\/\/www.lr-ip.de\/en\/wp-json\/wp\/v2\/categories?post=29162"},{"taxonomy":"post_tag","embeddable":true,"href":"https:\/\/www.lr-ip.de\/en\/wp-json\/wp\/v2\/tags?post=29162"}],"curies":[{"name":"wp","href":"https:\/\/api.w.org\/{rel}","templated":true}]}}