{"id":28583,"date":"2016-10-24T19:32:40","date_gmt":"2016-10-24T17:32:40","guid":{"rendered":"http:\/\/www.lr-ip.de\/?p=28583"},"modified":"2017-03-15T17:29:04","modified_gmt":"2017-03-15T16:29:04","slug":"netto-preise-im-verbrauchergeschaeft","status":"publish","type":"post","link":"https:\/\/www.lr-ip.de\/en\/aktuelles\/netto-preise-im-verbrauchergeschaeft\/","title":{"rendered":"Netto-Preise im Verbrauchergesch\u00e4ft"},"content":{"rendered":"<div class=\"wpb-content-wrapper\"><p>[vc_row][vc_column][vc_column_text]<\/p>\n<h1><strong>Netto-Preise im Verbrauchergesch\u00e4ft<\/strong><\/h1>\n<div class=\"gap\" style=\"line-height: 10px; height: 10px;\"><\/div>\n<p>Wie professionelle Verk\u00e4ufer die Preise ihrer Waren und Dienstleistungen gegen\u00fcber Verbrauchen angeben m\u00fcssen, ist in der Preisangabenverordnung (PAngV) geregelt.<\/p>\n<p>In \u00a7 1 PAngV ist u.a. geregelt, dass Personen\/ Unternehmen, die Verbrauchern gesch\u00e4ftsm\u00e4\u00dfig oder regelm\u00e4\u00dfig Waren oder Dienstleistungen unter Angabe von Preisen anbieten, die Preise einschlie\u00dflich der Umsatzsteuer und sonstiger zu zahlender Preisbestandteile anzugeben haben.<\/p>\n<p>Werden diese Waren oder Dienstleistungen zum Abschluss eines Fernabsatzvertrages, also z.B. \u00fcber einen Web-Shop, angeboten, muss zudem angegeben werden, dass die geforderten Preise die Umsatzsteuer und sonstige Preisbestandteile enthalten und ob zus\u00e4tzlich Versandkosten oder sonstige Kosten anfallen.<\/p>\n<p>Wird gegen diese Regelung versto\u00dfen, bzw. die Preise hiervon abweichend angegeben, stellt dies einen Wettbewerbsversto\u00df dar. Diese Erfahrung musste nun ein Speditions-Unternehmen machen, das in seinen AGB folgende Klausel verwendet hatte:<\/p>\n<p>&#8220;<em>Die angegebenen Preise verstehen sich als Netto-Preise, zuz\u00fcglich der derzeit g\u00fcltigen gesetzlichen Mehrwertsteuer.<\/em>&#8221;<\/p>\n<p>Eine Verbraucherschutzorganisation nahm den Spediteur in Anspruch und verklagte ihn auf Unterlassung u.a. bzgl. der Verwendung dieser AGB-Klausel gegen\u00fcber Verbrauchern. Das entscheidende LG Heidelberg folgte dem Klageantrag (Urt. v. 12.08.2016 &#8211; Az.: 3 O 149\/16) und erkl\u00e4rte die verwendete Klausel wegen der unangemessenen Benachteiligung des Verbrauchers f\u00fcr unwirksam.<\/p>\n<p>Dies folge u.a. aus \u00a7 1 PAngV, aus dem sich eindeutig ergebe, dass Verbrauchern gegen\u00fcber die Preise einschlie\u00dflich der Umsatzsteuer anzugeben sind. Sollten einzelne Preisbestandteile nicht im Voraus berechnet werden k\u00f6nnen, m\u00fcssen dennoch bei der dann \u00fcblichen Angabe von Verrechnungss\u00e4tzen alle Leistungselemente einschlie\u00dflich der anteiligen Umsatzsteuer enthalten sein und jeweils Bruttopreise ausgewiesen werden.<\/p>\n<p><strong>Bei Fragen zur richtigen Angabe\/ Bewerbung von Preisen, beraten wir Sie gerne.<\/strong>[\/vc_column_text][\/vc_column][\/vc_row]<\/p>\n<\/div>","protected":false},"excerpt":{"rendered":"<p>[vc_row][vc_column][vc_column_text] Netto-Preise im Verbrauchergesch\u00e4ft Wie professionelle Verk\u00e4ufer die Preise ihrer Waren und Dienstleistungen gegen\u00fcber Verbrauchen angeben m\u00fcssen, ist in der Preisangabenverordnung (PAngV) geregelt. In \u00a7 1 PAngV ist u.a. geregelt, dass Personen\/ Unternehmen, die Verbrauchern gesch\u00e4ftsm\u00e4\u00dfig oder regelm\u00e4\u00dfig Waren oder Dienstleistungen unter Angabe von Preisen anbieten, die Preise einschlie\u00dflich der Umsatzsteuer und sonstiger zu zahlender&hellip;<\/p>\n","protected":false},"author":3,"featured_media":28584,"comment_status":"closed","ping_status":"closed","sticky":false,"template":"","format":"standard","meta":{"footnotes":""},"categories":[1],"tags":[],"class_list":["post-28583","post","type-post","status-publish","format-standard","has-post-thumbnail","hentry","category-aktuelles","category-1","description-off"],"yoast_head":"<!-- This site is optimized with the Yoast SEO plugin v23.4 - https:\/\/yoast.com\/wordpress\/plugins\/seo\/ -->\n<title>Netto-Preise im Verbrauchergesch\u00e4ft - Rechtsanw\u00e4lte Lintl Renger M\u00fcnchen<\/title>\n<meta name=\"robots\" content=\"index, follow, max-snippet:-1, max-image-preview:large, max-video-preview:-1\" \/>\n<link rel=\"canonical\" href=\"https:\/\/www.lr-ip.de\/aktuelles\/netto-preise-im-verbrauchergeschaeft\/\" \/>\n<meta property=\"og:locale\" content=\"en_US\" \/>\n<meta property=\"og:type\" content=\"article\" \/>\n<meta property=\"og:title\" content=\"Netto-Preise im Verbrauchergesch\u00e4ft - Rechtsanw\u00e4lte Lintl Renger M\u00fcnchen\" \/>\n<meta property=\"og:description\" content=\"[vc_row][vc_column][vc_column_text] Netto-Preise im Verbrauchergesch\u00e4ft Wie professionelle Verk\u00e4ufer die Preise ihrer Waren und Dienstleistungen gegen\u00fcber Verbrauchen angeben m\u00fcssen, ist in der Preisangabenverordnung (PAngV) geregelt. In \u00a7 1 PAngV ist u.a. geregelt, dass Personen\/ Unternehmen, die Verbrauchern gesch\u00e4ftsm\u00e4\u00dfig oder regelm\u00e4\u00dfig Waren oder Dienstleistungen unter Angabe von Preisen anbieten, die Preise einschlie\u00dflich der Umsatzsteuer und sonstiger zu zahlender&hellip;\" \/>\n<meta property=\"og:url\" content=\"https:\/\/www.lr-ip.de\/aktuelles\/netto-preise-im-verbrauchergeschaeft\/\" \/>\n<meta property=\"og:site_name\" content=\"Rechtsanw\u00e4lte Lintl Renger M\u00fcnchen\" \/>\n<meta property=\"article:published_time\" content=\"2016-10-24T17:32:40+00:00\" \/>\n<meta property=\"article:modified_time\" content=\"2017-03-15T16:29:04+00:00\" \/>\n<meta property=\"og:image\" content=\"https:\/\/www.lr-ip.de\/wp-content\/uploads\/2017\/02\/Netto-Preise-im-Verbrauchergesch\u00e4ft.jpg\" \/>\n\t<meta property=\"og:image:width\" content=\"424\" \/>\n\t<meta property=\"og:image:height\" content=\"283\" \/>\n\t<meta property=\"og:image:type\" content=\"image\/jpeg\" \/>\n<meta name=\"author\" content=\"ChristianRenger\" \/>\n<meta name=\"twitter:card\" content=\"summary_large_image\" \/>\n<meta name=\"twitter:label1\" content=\"Written by\" \/>\n\t<meta name=\"twitter:data1\" content=\"ChristianRenger\" \/>\n\t<meta name=\"twitter:label2\" content=\"Est. reading time\" \/>\n\t<meta name=\"twitter:data2\" content=\"1 minute\" \/>\n<script type=\"application\/ld+json\" class=\"yoast-schema-graph\">{\"@context\":\"https:\/\/schema.org\",\"@graph\":[{\"@type\":\"WebPage\",\"@id\":\"https:\/\/www.lr-ip.de\/aktuelles\/netto-preise-im-verbrauchergeschaeft\/\",\"url\":\"https:\/\/www.lr-ip.de\/aktuelles\/netto-preise-im-verbrauchergeschaeft\/\",\"name\":\"Netto-Preise im Verbrauchergesch\u00e4ft - Rechtsanw\u00e4lte Lintl Renger M\u00fcnchen\",\"isPartOf\":{\"@id\":\"https:\/\/www.lr-ip.de\/#website\"},\"primaryImageOfPage\":{\"@id\":\"https:\/\/www.lr-ip.de\/aktuelles\/netto-preise-im-verbrauchergeschaeft\/#primaryimage\"},\"image\":{\"@id\":\"https:\/\/www.lr-ip.de\/aktuelles\/netto-preise-im-verbrauchergeschaeft\/#primaryimage\"},\"thumbnailUrl\":\"https:\/\/www.lr-ip.de\/wp-content\/uploads\/2017\/02\/Netto-Preise-im-Verbrauchergesch\u00e4ft.jpg\",\"datePublished\":\"2016-10-24T17:32:40+00:00\",\"dateModified\":\"2017-03-15T16:29:04+00:00\",\"author\":{\"@id\":\"https:\/\/www.lr-ip.de\/#\/schema\/person\/8c4bd427fc9a8e2039aae528b6bcdadd\"},\"breadcrumb\":{\"@id\":\"https:\/\/www.lr-ip.de\/aktuelles\/netto-preise-im-verbrauchergeschaeft\/#breadcrumb\"},\"inLanguage\":\"en-US\",\"potentialAction\":[{\"@type\":\"ReadAction\",\"target\":[\"https:\/\/www.lr-ip.de\/aktuelles\/netto-preise-im-verbrauchergeschaeft\/\"]}]},{\"@type\":\"ImageObject\",\"inLanguage\":\"en-US\",\"@id\":\"https:\/\/www.lr-ip.de\/aktuelles\/netto-preise-im-verbrauchergeschaeft\/#primaryimage\",\"url\":\"https:\/\/www.lr-ip.de\/wp-content\/uploads\/2017\/02\/Netto-Preise-im-Verbrauchergesch\u00e4ft.jpg\",\"contentUrl\":\"https:\/\/www.lr-ip.de\/wp-content\/uploads\/2017\/02\/Netto-Preise-im-Verbrauchergesch\u00e4ft.jpg\",\"width\":424,\"height\":283,\"caption\":\"Netto-Preise im Verbrauchergesch\u00e4ft\"},{\"@type\":\"BreadcrumbList\",\"@id\":\"https:\/\/www.lr-ip.de\/aktuelles\/netto-preise-im-verbrauchergeschaeft\/#breadcrumb\",\"itemListElement\":[{\"@type\":\"ListItem\",\"position\":1,\"name\":\"Startseite\",\"item\":\"https:\/\/www.lr-ip.de\/en\/\"},{\"@type\":\"ListItem\",\"position\":2,\"name\":\"Netto-Preise im Verbrauchergesch\u00e4ft\"}]},{\"@type\":\"WebSite\",\"@id\":\"https:\/\/www.lr-ip.de\/#website\",\"url\":\"https:\/\/www.lr-ip.de\/\",\"name\":\"Rechtsanw\u00e4lte Lintl Renger M\u00fcnchen\",\"description\":\"Markenschutz, Designschutz, Patentschutz und Wettbewerbsrecht\",\"potentialAction\":[{\"@type\":\"SearchAction\",\"target\":{\"@type\":\"EntryPoint\",\"urlTemplate\":\"https:\/\/www.lr-ip.de\/?s={search_term_string}\"},\"query-input\":{\"@type\":\"PropertyValueSpecification\",\"valueRequired\":true,\"valueName\":\"search_term_string\"}}],\"inLanguage\":\"en-US\"},{\"@type\":\"Person\",\"@id\":\"https:\/\/www.lr-ip.de\/#\/schema\/person\/8c4bd427fc9a8e2039aae528b6bcdadd\",\"name\":\"ChristianRenger\",\"image\":{\"@type\":\"ImageObject\",\"inLanguage\":\"en-US\",\"@id\":\"https:\/\/www.lr-ip.de\/#\/schema\/person\/image\/\",\"url\":\"https:\/\/secure.gravatar.com\/avatar\/2ea0191c8156942236e29e1239d7ab8d?s=96&d=mm&r=g\",\"contentUrl\":\"https:\/\/secure.gravatar.com\/avatar\/2ea0191c8156942236e29e1239d7ab8d?s=96&d=mm&r=g\",\"caption\":\"ChristianRenger\"},\"url\":\"https:\/\/www.lr-ip.de\/en\/author\/christianrenger\/\"}]}<\/script>\n<!-- \/ Yoast SEO plugin. -->","yoast_head_json":{"title":"Netto-Preise im Verbrauchergesch\u00e4ft - Rechtsanw\u00e4lte Lintl Renger M\u00fcnchen","robots":{"index":"index","follow":"follow","max-snippet":"max-snippet:-1","max-image-preview":"max-image-preview:large","max-video-preview":"max-video-preview:-1"},"canonical":"https:\/\/www.lr-ip.de\/aktuelles\/netto-preise-im-verbrauchergeschaeft\/","og_locale":"en_US","og_type":"article","og_title":"Netto-Preise im Verbrauchergesch\u00e4ft - Rechtsanw\u00e4lte Lintl Renger M\u00fcnchen","og_description":"[vc_row][vc_column][vc_column_text] Netto-Preise im Verbrauchergesch\u00e4ft Wie professionelle Verk\u00e4ufer die Preise ihrer Waren und Dienstleistungen gegen\u00fcber Verbrauchen angeben m\u00fcssen, ist in der Preisangabenverordnung (PAngV) geregelt. In \u00a7 1 PAngV ist u.a. geregelt, dass Personen\/ Unternehmen, die Verbrauchern gesch\u00e4ftsm\u00e4\u00dfig oder regelm\u00e4\u00dfig Waren oder Dienstleistungen unter Angabe von Preisen anbieten, die Preise einschlie\u00dflich der Umsatzsteuer und sonstiger zu zahlender&hellip;","og_url":"https:\/\/www.lr-ip.de\/aktuelles\/netto-preise-im-verbrauchergeschaeft\/","og_site_name":"Rechtsanw\u00e4lte Lintl Renger M\u00fcnchen","article_published_time":"2016-10-24T17:32:40+00:00","article_modified_time":"2017-03-15T16:29:04+00:00","og_image":[{"width":424,"height":283,"url":"https:\/\/www.lr-ip.de\/wp-content\/uploads\/2017\/02\/Netto-Preise-im-Verbrauchergesch\u00e4ft.jpg","type":"image\/jpeg"}],"author":"ChristianRenger","twitter_card":"summary_large_image","twitter_misc":{"Written by":"ChristianRenger","Est. reading time":"1 minute"},"schema":{"@context":"https:\/\/schema.org","@graph":[{"@type":"WebPage","@id":"https:\/\/www.lr-ip.de\/aktuelles\/netto-preise-im-verbrauchergeschaeft\/","url":"https:\/\/www.lr-ip.de\/aktuelles\/netto-preise-im-verbrauchergeschaeft\/","name":"Netto-Preise im Verbrauchergesch\u00e4ft - Rechtsanw\u00e4lte Lintl Renger M\u00fcnchen","isPartOf":{"@id":"https:\/\/www.lr-ip.de\/#website"},"primaryImageOfPage":{"@id":"https:\/\/www.lr-ip.de\/aktuelles\/netto-preise-im-verbrauchergeschaeft\/#primaryimage"},"image":{"@id":"https:\/\/www.lr-ip.de\/aktuelles\/netto-preise-im-verbrauchergeschaeft\/#primaryimage"},"thumbnailUrl":"https:\/\/www.lr-ip.de\/wp-content\/uploads\/2017\/02\/Netto-Preise-im-Verbrauchergesch\u00e4ft.jpg","datePublished":"2016-10-24T17:32:40+00:00","dateModified":"2017-03-15T16:29:04+00:00","author":{"@id":"https:\/\/www.lr-ip.de\/#\/schema\/person\/8c4bd427fc9a8e2039aae528b6bcdadd"},"breadcrumb":{"@id":"https:\/\/www.lr-ip.de\/aktuelles\/netto-preise-im-verbrauchergeschaeft\/#breadcrumb"},"inLanguage":"en-US","potentialAction":[{"@type":"ReadAction","target":["https:\/\/www.lr-ip.de\/aktuelles\/netto-preise-im-verbrauchergeschaeft\/"]}]},{"@type":"ImageObject","inLanguage":"en-US","@id":"https:\/\/www.lr-ip.de\/aktuelles\/netto-preise-im-verbrauchergeschaeft\/#primaryimage","url":"https:\/\/www.lr-ip.de\/wp-content\/uploads\/2017\/02\/Netto-Preise-im-Verbrauchergesch\u00e4ft.jpg","contentUrl":"https:\/\/www.lr-ip.de\/wp-content\/uploads\/2017\/02\/Netto-Preise-im-Verbrauchergesch\u00e4ft.jpg","width":424,"height":283,"caption":"Netto-Preise im Verbrauchergesch\u00e4ft"},{"@type":"BreadcrumbList","@id":"https:\/\/www.lr-ip.de\/aktuelles\/netto-preise-im-verbrauchergeschaeft\/#breadcrumb","itemListElement":[{"@type":"ListItem","position":1,"name":"Startseite","item":"https:\/\/www.lr-ip.de\/en\/"},{"@type":"ListItem","position":2,"name":"Netto-Preise im Verbrauchergesch\u00e4ft"}]},{"@type":"WebSite","@id":"https:\/\/www.lr-ip.de\/#website","url":"https:\/\/www.lr-ip.de\/","name":"Rechtsanw\u00e4lte Lintl Renger M\u00fcnchen","description":"Markenschutz, Designschutz, Patentschutz und Wettbewerbsrecht","potentialAction":[{"@type":"SearchAction","target":{"@type":"EntryPoint","urlTemplate":"https:\/\/www.lr-ip.de\/?s={search_term_string}"},"query-input":{"@type":"PropertyValueSpecification","valueRequired":true,"valueName":"search_term_string"}}],"inLanguage":"en-US"},{"@type":"Person","@id":"https:\/\/www.lr-ip.de\/#\/schema\/person\/8c4bd427fc9a8e2039aae528b6bcdadd","name":"ChristianRenger","image":{"@type":"ImageObject","inLanguage":"en-US","@id":"https:\/\/www.lr-ip.de\/#\/schema\/person\/image\/","url":"https:\/\/secure.gravatar.com\/avatar\/2ea0191c8156942236e29e1239d7ab8d?s=96&d=mm&r=g","contentUrl":"https:\/\/secure.gravatar.com\/avatar\/2ea0191c8156942236e29e1239d7ab8d?s=96&d=mm&r=g","caption":"ChristianRenger"},"url":"https:\/\/www.lr-ip.de\/en\/author\/christianrenger\/"}]}},"_links":{"self":[{"href":"https:\/\/www.lr-ip.de\/en\/wp-json\/wp\/v2\/posts\/28583","targetHints":{"allow":["GET"]}}],"collection":[{"href":"https:\/\/www.lr-ip.de\/en\/wp-json\/wp\/v2\/posts"}],"about":[{"href":"https:\/\/www.lr-ip.de\/en\/wp-json\/wp\/v2\/types\/post"}],"author":[{"embeddable":true,"href":"https:\/\/www.lr-ip.de\/en\/wp-json\/wp\/v2\/users\/3"}],"replies":[{"embeddable":true,"href":"https:\/\/www.lr-ip.de\/en\/wp-json\/wp\/v2\/comments?post=28583"}],"version-history":[{"count":1,"href":"https:\/\/www.lr-ip.de\/en\/wp-json\/wp\/v2\/posts\/28583\/revisions"}],"predecessor-version":[{"id":28585,"href":"https:\/\/www.lr-ip.de\/en\/wp-json\/wp\/v2\/posts\/28583\/revisions\/28585"}],"wp:featuredmedia":[{"embeddable":true,"href":"https:\/\/www.lr-ip.de\/en\/wp-json\/wp\/v2\/media\/28584"}],"wp:attachment":[{"href":"https:\/\/www.lr-ip.de\/en\/wp-json\/wp\/v2\/media?parent=28583"}],"wp:term":[{"taxonomy":"category","embeddable":true,"href":"https:\/\/www.lr-ip.de\/en\/wp-json\/wp\/v2\/categories?post=28583"},{"taxonomy":"post_tag","embeddable":true,"href":"https:\/\/www.lr-ip.de\/en\/wp-json\/wp\/v2\/tags?post=28583"}],"curies":[{"name":"wp","href":"https:\/\/api.w.org\/{rel}","templated":true}]}}