{"id":28572,"date":"2016-10-01T09:56:15","date_gmt":"2016-10-01T07:56:15","guid":{"rendered":"http:\/\/www.lr-ip.de\/?p=28572"},"modified":"2016-12-14T15:28:55","modified_gmt":"2016-12-14T14:28:55","slug":"aenderung-im-agb-recht-zum-1-oktober-2016","status":"publish","type":"post","link":"https:\/\/www.lr-ip.de\/en\/aktuelles\/aenderung-im-agb-recht-zum-1-oktober-2016\/","title":{"rendered":"\u00c4nderung im AGB-Recht zum 1. Oktober 2016"},"content":{"rendered":"<div class=\"wpb-content-wrapper\"><p>[vc_row][vc_column][vc_column_text]<\/p>\n<h1>\u00c4nderung im AGB-Recht zum 1. Oktober 2016<\/h1>\n<div class=\"gap\" style=\"line-height: 10px; height: 10px;\"><\/div>\n<p>Mit Wirkung ab dem 24.02.2016 ist das \u201eGesetz zur Verbesserung der zivilrechtlichen Durchsetzung von verbrauchersch\u00fctzenden Vorschriften des Datenschutzrechts\u201c in Kraft getreten.<\/p>\n<p>Mit diesem \u00c4nderungsgesetz wurde u.a. den Verbraucherschutz- und Wettbewerbsverb\u00e4nden die M\u00f6glichkeit einger\u00e4umt, seit dem 24.02.2016 Datenschutzverst\u00f6\u00dfe im Rahmen ihrer Verbandsklagebefugnis nach dem UKlaG abzumahnen und gerichtlich geltend machen zu k\u00f6nnen.<\/p>\n<p>Eine andere \u00c4nderung betrifft die Neufassung von \u00a7 309 Nr. 13 BGB, der nun wie folgt lautet:<\/p>\n<p>eine Bestimmung, durch die Anzeigen oder Erkl\u00e4rungen, die dem Verwender oder einem Dritten gegen\u00fcber abzugeben sind, gebunden werden<br \/>\na) an eine strengere Form als die schriftliche Form in einem Vertrag, f\u00fcr den durch Gesetz notarielle Beurkundung vorgeschrieben ist oder<br \/>\nb) an eine strengere Form als die Textform in anderen als den in Buchstabe a genannten Vertr\u00e4gen oder<br \/>\nc) an besondere Zugangserfordernisse;<\/p>\n<p>Wichtig hierbei ist, insbesondere f\u00fcr Online-H\u00e4ndler, die \u00c4nderung bzgl. b). Demnach sind AGB-Klauseln unwirksam, wenn sie f\u00fcr die Erkl\u00e4rung eines Kunden, wie z.B. eine K\u00fcndigung, eine strengere Form als die Textform vorsehen. Die Textform ist schon dadurch erf\u00fcllt, wenn die Erkl\u00e4rung z.B. mittels E-Mail abgegeben wird.<\/p>\n<p>Sofern Ihre AGB f\u00fcr die Wirksamkeit bestimmter Erkl\u00e4rungen noch die Schriftform \u2013 also z.B. eine eigenh\u00e4ndige Unterschrift oder eine qualifizierte elektronische Signatur \u2013 voraussetzen, handelt es sich dabei um unwirksame, abmahnf\u00e4hige Klauseln, die es schnell zu \u00e4ndern gilt.<\/p>\n<p><strong>Bei Fragen zur Wirksamkeit einzelner AGB-Klauseln oder zur Erstellung rechtssicherer AGB, beraten wir Sie gerne.<\/strong>[\/vc_column_text][\/vc_column][\/vc_row]<\/p>\n<\/div>","protected":false},"excerpt":{"rendered":"<p>[vc_row][vc_column][vc_column_text] \u00c4nderung im AGB-Recht zum 1. Oktober 2016 Mit Wirkung ab dem 24.02.2016 ist das \u201eGesetz zur Verbesserung der zivilrechtlichen Durchsetzung von verbrauchersch\u00fctzenden Vorschriften des Datenschutzrechts\u201c in Kraft getreten. Mit diesem \u00c4nderungsgesetz wurde u.a. den Verbraucherschutz- und Wettbewerbsverb\u00e4nden die M\u00f6glichkeit einger\u00e4umt, seit dem 24.02.2016 Datenschutzverst\u00f6\u00dfe im Rahmen ihrer Verbandsklagebefugnis nach dem UKlaG abzumahnen und gerichtlich&hellip;<\/p>\n","protected":false},"author":3,"featured_media":28574,"comment_status":"closed","ping_status":"closed","sticky":false,"template":"","format":"standard","meta":{"footnotes":""},"categories":[1],"tags":[],"class_list":["post-28572","post","type-post","status-publish","format-standard","has-post-thumbnail","hentry","category-aktuelles","category-1","description-off"],"yoast_head":"<!-- This site is optimized with the Yoast SEO plugin v23.4 - https:\/\/yoast.com\/wordpress\/plugins\/seo\/ -->\n<title>\u00c4nderung im AGB-Recht zum 1. Oktober 2016 - Rechtsanw\u00e4lte Lintl Renger M\u00fcnchen<\/title>\n<meta name=\"robots\" content=\"index, follow, max-snippet:-1, max-image-preview:large, max-video-preview:-1\" \/>\n<link rel=\"canonical\" href=\"https:\/\/www.lr-ip.de\/aktuelles\/aenderung-im-agb-recht-zum-1-oktober-2016\/\" \/>\n<meta property=\"og:locale\" content=\"en_US\" \/>\n<meta property=\"og:type\" content=\"article\" \/>\n<meta property=\"og:title\" content=\"\u00c4nderung im AGB-Recht zum 1. Oktober 2016 - Rechtsanw\u00e4lte Lintl Renger M\u00fcnchen\" \/>\n<meta property=\"og:description\" content=\"[vc_row][vc_column][vc_column_text] \u00c4nderung im AGB-Recht zum 1. Oktober 2016 Mit Wirkung ab dem 24.02.2016 ist das \u201eGesetz zur Verbesserung der zivilrechtlichen Durchsetzung von verbrauchersch\u00fctzenden Vorschriften des Datenschutzrechts\u201c in Kraft getreten. Mit diesem \u00c4nderungsgesetz wurde u.a. den Verbraucherschutz- und Wettbewerbsverb\u00e4nden die M\u00f6glichkeit einger\u00e4umt, seit dem 24.02.2016 Datenschutzverst\u00f6\u00dfe im Rahmen ihrer Verbandsklagebefugnis nach dem UKlaG abzumahnen und gerichtlich&hellip;\" \/>\n<meta property=\"og:url\" content=\"https:\/\/www.lr-ip.de\/aktuelles\/aenderung-im-agb-recht-zum-1-oktober-2016\/\" \/>\n<meta property=\"og:site_name\" content=\"Rechtsanw\u00e4lte Lintl Renger M\u00fcnchen\" \/>\n<meta property=\"article:published_time\" content=\"2016-10-01T07:56:15+00:00\" \/>\n<meta property=\"article:modified_time\" content=\"2016-12-14T14:28:55+00:00\" \/>\n<meta property=\"og:image\" content=\"https:\/\/www.lr-ip.de\/wp-content\/uploads\/2016\/10\/\u00c4nderung-im-AGB-Recht-zum-1.-Oktober-2016.jpg\" \/>\n\t<meta property=\"og:image:width\" content=\"675\" \/>\n\t<meta property=\"og:image:height\" content=\"450\" \/>\n\t<meta property=\"og:image:type\" content=\"image\/jpeg\" \/>\n<meta name=\"author\" content=\"ChristianRenger\" \/>\n<meta name=\"twitter:card\" content=\"summary_large_image\" \/>\n<meta name=\"twitter:label1\" content=\"Written by\" \/>\n\t<meta name=\"twitter:data1\" content=\"ChristianRenger\" \/>\n\t<meta name=\"twitter:label2\" content=\"Est. reading time\" \/>\n\t<meta name=\"twitter:data2\" content=\"1 minute\" \/>\n<script type=\"application\/ld+json\" class=\"yoast-schema-graph\">{\"@context\":\"https:\/\/schema.org\",\"@graph\":[{\"@type\":\"WebPage\",\"@id\":\"https:\/\/www.lr-ip.de\/aktuelles\/aenderung-im-agb-recht-zum-1-oktober-2016\/\",\"url\":\"https:\/\/www.lr-ip.de\/aktuelles\/aenderung-im-agb-recht-zum-1-oktober-2016\/\",\"name\":\"\u00c4nderung im AGB-Recht zum 1. Oktober 2016 - Rechtsanw\u00e4lte Lintl Renger M\u00fcnchen\",\"isPartOf\":{\"@id\":\"https:\/\/www.lr-ip.de\/#website\"},\"primaryImageOfPage\":{\"@id\":\"https:\/\/www.lr-ip.de\/aktuelles\/aenderung-im-agb-recht-zum-1-oktober-2016\/#primaryimage\"},\"image\":{\"@id\":\"https:\/\/www.lr-ip.de\/aktuelles\/aenderung-im-agb-recht-zum-1-oktober-2016\/#primaryimage\"},\"thumbnailUrl\":\"https:\/\/www.lr-ip.de\/wp-content\/uploads\/2016\/10\/\u00c4nderung-im-AGB-Recht-zum-1.-Oktober-2016.jpg\",\"datePublished\":\"2016-10-01T07:56:15+00:00\",\"dateModified\":\"2016-12-14T14:28:55+00:00\",\"author\":{\"@id\":\"https:\/\/www.lr-ip.de\/#\/schema\/person\/8c4bd427fc9a8e2039aae528b6bcdadd\"},\"breadcrumb\":{\"@id\":\"https:\/\/www.lr-ip.de\/aktuelles\/aenderung-im-agb-recht-zum-1-oktober-2016\/#breadcrumb\"},\"inLanguage\":\"en-US\",\"potentialAction\":[{\"@type\":\"ReadAction\",\"target\":[\"https:\/\/www.lr-ip.de\/aktuelles\/aenderung-im-agb-recht-zum-1-oktober-2016\/\"]}]},{\"@type\":\"ImageObject\",\"inLanguage\":\"en-US\",\"@id\":\"https:\/\/www.lr-ip.de\/aktuelles\/aenderung-im-agb-recht-zum-1-oktober-2016\/#primaryimage\",\"url\":\"https:\/\/www.lr-ip.de\/wp-content\/uploads\/2016\/10\/\u00c4nderung-im-AGB-Recht-zum-1.-Oktober-2016.jpg\",\"contentUrl\":\"https:\/\/www.lr-ip.de\/wp-content\/uploads\/2016\/10\/\u00c4nderung-im-AGB-Recht-zum-1.-Oktober-2016.jpg\",\"width\":675,\"height\":450,\"caption\":\"\u00c4nderung im AGB-Recht zum 1. Oktober 2016\"},{\"@type\":\"BreadcrumbList\",\"@id\":\"https:\/\/www.lr-ip.de\/aktuelles\/aenderung-im-agb-recht-zum-1-oktober-2016\/#breadcrumb\",\"itemListElement\":[{\"@type\":\"ListItem\",\"position\":1,\"name\":\"Startseite\",\"item\":\"https:\/\/www.lr-ip.de\/en\/\"},{\"@type\":\"ListItem\",\"position\":2,\"name\":\"\u00c4nderung im AGB-Recht zum 1. Oktober 2016\"}]},{\"@type\":\"WebSite\",\"@id\":\"https:\/\/www.lr-ip.de\/#website\",\"url\":\"https:\/\/www.lr-ip.de\/\",\"name\":\"Rechtsanw\u00e4lte Lintl Renger M\u00fcnchen\",\"description\":\"Markenschutz, Designschutz, Patentschutz und Wettbewerbsrecht\",\"potentialAction\":[{\"@type\":\"SearchAction\",\"target\":{\"@type\":\"EntryPoint\",\"urlTemplate\":\"https:\/\/www.lr-ip.de\/?s={search_term_string}\"},\"query-input\":{\"@type\":\"PropertyValueSpecification\",\"valueRequired\":true,\"valueName\":\"search_term_string\"}}],\"inLanguage\":\"en-US\"},{\"@type\":\"Person\",\"@id\":\"https:\/\/www.lr-ip.de\/#\/schema\/person\/8c4bd427fc9a8e2039aae528b6bcdadd\",\"name\":\"ChristianRenger\",\"image\":{\"@type\":\"ImageObject\",\"inLanguage\":\"en-US\",\"@id\":\"https:\/\/www.lr-ip.de\/#\/schema\/person\/image\/\",\"url\":\"https:\/\/secure.gravatar.com\/avatar\/2ea0191c8156942236e29e1239d7ab8d?s=96&d=mm&r=g\",\"contentUrl\":\"https:\/\/secure.gravatar.com\/avatar\/2ea0191c8156942236e29e1239d7ab8d?s=96&d=mm&r=g\",\"caption\":\"ChristianRenger\"},\"url\":\"https:\/\/www.lr-ip.de\/en\/author\/christianrenger\/\"}]}<\/script>\n<!-- \/ Yoast SEO plugin. -->","yoast_head_json":{"title":"\u00c4nderung im AGB-Recht zum 1. Oktober 2016 - Rechtsanw\u00e4lte Lintl Renger M\u00fcnchen","robots":{"index":"index","follow":"follow","max-snippet":"max-snippet:-1","max-image-preview":"max-image-preview:large","max-video-preview":"max-video-preview:-1"},"canonical":"https:\/\/www.lr-ip.de\/aktuelles\/aenderung-im-agb-recht-zum-1-oktober-2016\/","og_locale":"en_US","og_type":"article","og_title":"\u00c4nderung im AGB-Recht zum 1. Oktober 2016 - Rechtsanw\u00e4lte Lintl Renger M\u00fcnchen","og_description":"[vc_row][vc_column][vc_column_text] \u00c4nderung im AGB-Recht zum 1. Oktober 2016 Mit Wirkung ab dem 24.02.2016 ist das \u201eGesetz zur Verbesserung der zivilrechtlichen Durchsetzung von verbrauchersch\u00fctzenden Vorschriften des Datenschutzrechts\u201c in Kraft getreten. Mit diesem \u00c4nderungsgesetz wurde u.a. den Verbraucherschutz- und Wettbewerbsverb\u00e4nden die M\u00f6glichkeit einger\u00e4umt, seit dem 24.02.2016 Datenschutzverst\u00f6\u00dfe im Rahmen ihrer Verbandsklagebefugnis nach dem UKlaG abzumahnen und gerichtlich&hellip;","og_url":"https:\/\/www.lr-ip.de\/aktuelles\/aenderung-im-agb-recht-zum-1-oktober-2016\/","og_site_name":"Rechtsanw\u00e4lte Lintl Renger M\u00fcnchen","article_published_time":"2016-10-01T07:56:15+00:00","article_modified_time":"2016-12-14T14:28:55+00:00","og_image":[{"width":675,"height":450,"url":"https:\/\/www.lr-ip.de\/wp-content\/uploads\/2016\/10\/\u00c4nderung-im-AGB-Recht-zum-1.-Oktober-2016.jpg","type":"image\/jpeg"}],"author":"ChristianRenger","twitter_card":"summary_large_image","twitter_misc":{"Written by":"ChristianRenger","Est. reading time":"1 minute"},"schema":{"@context":"https:\/\/schema.org","@graph":[{"@type":"WebPage","@id":"https:\/\/www.lr-ip.de\/aktuelles\/aenderung-im-agb-recht-zum-1-oktober-2016\/","url":"https:\/\/www.lr-ip.de\/aktuelles\/aenderung-im-agb-recht-zum-1-oktober-2016\/","name":"\u00c4nderung im AGB-Recht zum 1. Oktober 2016 - Rechtsanw\u00e4lte Lintl Renger M\u00fcnchen","isPartOf":{"@id":"https:\/\/www.lr-ip.de\/#website"},"primaryImageOfPage":{"@id":"https:\/\/www.lr-ip.de\/aktuelles\/aenderung-im-agb-recht-zum-1-oktober-2016\/#primaryimage"},"image":{"@id":"https:\/\/www.lr-ip.de\/aktuelles\/aenderung-im-agb-recht-zum-1-oktober-2016\/#primaryimage"},"thumbnailUrl":"https:\/\/www.lr-ip.de\/wp-content\/uploads\/2016\/10\/\u00c4nderung-im-AGB-Recht-zum-1.-Oktober-2016.jpg","datePublished":"2016-10-01T07:56:15+00:00","dateModified":"2016-12-14T14:28:55+00:00","author":{"@id":"https:\/\/www.lr-ip.de\/#\/schema\/person\/8c4bd427fc9a8e2039aae528b6bcdadd"},"breadcrumb":{"@id":"https:\/\/www.lr-ip.de\/aktuelles\/aenderung-im-agb-recht-zum-1-oktober-2016\/#breadcrumb"},"inLanguage":"en-US","potentialAction":[{"@type":"ReadAction","target":["https:\/\/www.lr-ip.de\/aktuelles\/aenderung-im-agb-recht-zum-1-oktober-2016\/"]}]},{"@type":"ImageObject","inLanguage":"en-US","@id":"https:\/\/www.lr-ip.de\/aktuelles\/aenderung-im-agb-recht-zum-1-oktober-2016\/#primaryimage","url":"https:\/\/www.lr-ip.de\/wp-content\/uploads\/2016\/10\/\u00c4nderung-im-AGB-Recht-zum-1.-Oktober-2016.jpg","contentUrl":"https:\/\/www.lr-ip.de\/wp-content\/uploads\/2016\/10\/\u00c4nderung-im-AGB-Recht-zum-1.-Oktober-2016.jpg","width":675,"height":450,"caption":"\u00c4nderung im AGB-Recht zum 1. Oktober 2016"},{"@type":"BreadcrumbList","@id":"https:\/\/www.lr-ip.de\/aktuelles\/aenderung-im-agb-recht-zum-1-oktober-2016\/#breadcrumb","itemListElement":[{"@type":"ListItem","position":1,"name":"Startseite","item":"https:\/\/www.lr-ip.de\/en\/"},{"@type":"ListItem","position":2,"name":"\u00c4nderung im AGB-Recht zum 1. Oktober 2016"}]},{"@type":"WebSite","@id":"https:\/\/www.lr-ip.de\/#website","url":"https:\/\/www.lr-ip.de\/","name":"Rechtsanw\u00e4lte Lintl Renger M\u00fcnchen","description":"Markenschutz, Designschutz, Patentschutz und Wettbewerbsrecht","potentialAction":[{"@type":"SearchAction","target":{"@type":"EntryPoint","urlTemplate":"https:\/\/www.lr-ip.de\/?s={search_term_string}"},"query-input":{"@type":"PropertyValueSpecification","valueRequired":true,"valueName":"search_term_string"}}],"inLanguage":"en-US"},{"@type":"Person","@id":"https:\/\/www.lr-ip.de\/#\/schema\/person\/8c4bd427fc9a8e2039aae528b6bcdadd","name":"ChristianRenger","image":{"@type":"ImageObject","inLanguage":"en-US","@id":"https:\/\/www.lr-ip.de\/#\/schema\/person\/image\/","url":"https:\/\/secure.gravatar.com\/avatar\/2ea0191c8156942236e29e1239d7ab8d?s=96&d=mm&r=g","contentUrl":"https:\/\/secure.gravatar.com\/avatar\/2ea0191c8156942236e29e1239d7ab8d?s=96&d=mm&r=g","caption":"ChristianRenger"},"url":"https:\/\/www.lr-ip.de\/en\/author\/christianrenger\/"}]}},"_links":{"self":[{"href":"https:\/\/www.lr-ip.de\/en\/wp-json\/wp\/v2\/posts\/28572","targetHints":{"allow":["GET"]}}],"collection":[{"href":"https:\/\/www.lr-ip.de\/en\/wp-json\/wp\/v2\/posts"}],"about":[{"href":"https:\/\/www.lr-ip.de\/en\/wp-json\/wp\/v2\/types\/post"}],"author":[{"embeddable":true,"href":"https:\/\/www.lr-ip.de\/en\/wp-json\/wp\/v2\/users\/3"}],"replies":[{"embeddable":true,"href":"https:\/\/www.lr-ip.de\/en\/wp-json\/wp\/v2\/comments?post=28572"}],"version-history":[{"count":1,"href":"https:\/\/www.lr-ip.de\/en\/wp-json\/wp\/v2\/posts\/28572\/revisions"}],"predecessor-version":[{"id":28573,"href":"https:\/\/www.lr-ip.de\/en\/wp-json\/wp\/v2\/posts\/28572\/revisions\/28573"}],"wp:featuredmedia":[{"embeddable":true,"href":"https:\/\/www.lr-ip.de\/en\/wp-json\/wp\/v2\/media\/28574"}],"wp:attachment":[{"href":"https:\/\/www.lr-ip.de\/en\/wp-json\/wp\/v2\/media?parent=28572"}],"wp:term":[{"taxonomy":"category","embeddable":true,"href":"https:\/\/www.lr-ip.de\/en\/wp-json\/wp\/v2\/categories?post=28572"},{"taxonomy":"post_tag","embeddable":true,"href":"https:\/\/www.lr-ip.de\/en\/wp-json\/wp\/v2\/tags?post=28572"}],"curies":[{"name":"wp","href":"https:\/\/api.w.org\/{rel}","templated":true}]}}