{"id":28569,"date":"2016-09-28T17:22:43","date_gmt":"2016-09-28T15:22:43","guid":{"rendered":"http:\/\/www.lr-ip.de\/?p=28569"},"modified":"2016-12-14T15:25:35","modified_gmt":"2016-12-14T14:25:35","slug":"es-gibt-nur-einen-fc-fc-de","status":"publish","type":"post","link":"https:\/\/www.lr-ip.de\/en\/aktuelles\/es-gibt-nur-einen-fc-fc-de\/","title":{"rendered":"Es gibt nur einen FC \u2013 fc.de"},"content":{"rendered":"<div class=\"wpb-content-wrapper\"><p>[vc_row][vc_column][vc_column_text]<\/p>\n<h1>Es gibt nur einen FC \u2013 fc.de<\/h1>\n<div class=\"gap\" style=\"line-height: 10px; height: 10px;\"><\/div>\n<p>Das Landgericht K\u00f6ln hat mit Urteil vom 09.08.2016 (Az.: 33 O 250\/15) entschieden, dass der 1. FC K\u00f6ln einen Anspruch auf die Domain \u201efc.de\u201c hat.<\/p>\n<p>Der 1. FC K\u00f6ln klagte gegen den Inhaber der Domain \u201efc.de\u201c u.a. auf Unterlassung, das Zeichen \u201efc\u201c als Teil einer Second-Level-Domain mit der Top-Level-Domain \u201ede\u201c, n\u00e4mlich \u201efc.de\u201c, zu verwenden sowie in die L\u00f6schung der Domain \u201efc.de\u201c gegen\u00fcber der DENIC eG einzuwilligen.<\/p>\n<p>Der Klage waren Verkaufsverhandlungen bzgl. der Domain \u201efc.de\u201c zwischen dem 1. FC K\u00f6ln als Kl\u00e4ger und dem Inhaber der Domain \u201efc.de\u201c als Beklagten vorausgegangen. Nachdem diese an den Preisvorstellungen des Beklagten scheiterten, beantragte der 1. FC K\u00f6ln einen sog. Dispute-Eintrag bei der DENIC eG und ging rechtlich gegen den Beklagten vor.<\/p>\n<p>Das zust\u00e4ndige Landgericht K\u00f6ln war der Ansicht, dass der geltend gemachte Unterlassungsanspruch nicht besteht, da die bisher nicht verwendete Domain \u201efc.de\u201c keine Benutzung des Zeichens \u201eFC\u201c darstellen w\u00fcrde.<\/p>\n<p>Jedoch steht dem 1. FC K\u00f6ln ein Namensrecht i.S.v. \u00a7 12 BGB bzgl. \u201eFC\u201c zu und somit ein Anspruch auf die Domain \u201efc.de\u201c. Die Kl\u00e4gerin wird zum einen durch das K\u00fcrzel \u201eFC\u201c hinreichend individualisierend bezeichnet. Zum anderen benutzt die Kl\u00e4gerin nicht nur selber f\u00fcr sich die Bezeichnung \u201eFC\u201c, sondern wird auch seit vielen Jahren bundesweit in der \u00f6ffentlichen Sportberichterstattung so bezeichnet.<\/p>\n<p>Soweit das K\u00fcrzel \u201eFC\u201c auch Bestandteil der Namen anderer Fu\u00dfballvereine ist, \u00e4ndert dies an dem bestehenden Namensrecht des Kl\u00e4gers nichts, da diese regelm\u00e4\u00dfig nicht nur mit diesem K\u00fcrzel benannt, sondern durch weitere Buchstabenzus\u00e4tze bezeichnet werden (Bayern M\u00fcnchen = FCB; FC Augsburg = FCA; usw.). Auch kann ausgeschlossen werden, dass im allgemeinen Sprachgebrauch das K\u00fcrzel \u201eFC\u201c als Substitut f\u00fcr das Wort \u201eFu\u00dfballclub\u201c verwendet werden w\u00fcrde.<\/p>\n<p>Der Beklagte habe somit eine unberechtigte Namensanma\u00dfung i.S.v. \u00a7 12 BGB durch Registrierung und Verwendung der streitgegenst\u00e4ndlichen Domain begangen.<\/p>\n<p><strong>Bei Fragen zum Bestehen und der Verletzung von Namensrechten oder gesch\u00e4ftlichen Bezeichnungen, beraten wir Sie gerne.<\/strong>[\/vc_column_text][\/vc_column][\/vc_row]<\/p>\n<\/div>","protected":false},"excerpt":{"rendered":"<p>[vc_row][vc_column][vc_column_text] Es gibt nur einen FC \u2013 fc.de Das Landgericht K\u00f6ln hat mit Urteil vom 09.08.2016 (Az.: 33 O 250\/15) entschieden, dass der 1. FC K\u00f6ln einen Anspruch auf die Domain \u201efc.de\u201c hat. Der 1. FC K\u00f6ln klagte gegen den Inhaber der Domain \u201efc.de\u201c u.a. auf Unterlassung, das Zeichen \u201efc\u201c als Teil einer Second-Level-Domain mit&hellip;<\/p>\n","protected":false},"author":3,"featured_media":28571,"comment_status":"closed","ping_status":"closed","sticky":false,"template":"","format":"standard","meta":{"footnotes":""},"categories":[1],"tags":[],"class_list":["post-28569","post","type-post","status-publish","format-standard","has-post-thumbnail","hentry","category-aktuelles","category-1","description-off"],"yoast_head":"<!-- This site is optimized with the Yoast SEO plugin v23.4 - https:\/\/yoast.com\/wordpress\/plugins\/seo\/ -->\n<title>Es gibt nur einen FC \u2013 fc.de - Rechtsanw\u00e4lte Lintl Renger M\u00fcnchen<\/title>\n<meta name=\"robots\" content=\"index, follow, max-snippet:-1, max-image-preview:large, max-video-preview:-1\" \/>\n<link rel=\"canonical\" href=\"https:\/\/www.lr-ip.de\/aktuelles\/es-gibt-nur-einen-fc-fc-de\/\" \/>\n<meta property=\"og:locale\" content=\"en_US\" \/>\n<meta property=\"og:type\" content=\"article\" \/>\n<meta property=\"og:title\" content=\"Es gibt nur einen FC \u2013 fc.de - Rechtsanw\u00e4lte Lintl Renger M\u00fcnchen\" \/>\n<meta property=\"og:description\" content=\"[vc_row][vc_column][vc_column_text] Es gibt nur einen FC \u2013 fc.de Das Landgericht K\u00f6ln hat mit Urteil vom 09.08.2016 (Az.: 33 O 250\/15) entschieden, dass der 1. FC K\u00f6ln einen Anspruch auf die Domain \u201efc.de\u201c hat. Der 1. FC K\u00f6ln klagte gegen den Inhaber der Domain \u201efc.de\u201c u.a. auf Unterlassung, das Zeichen \u201efc\u201c als Teil einer Second-Level-Domain mit&hellip;\" \/>\n<meta property=\"og:url\" content=\"https:\/\/www.lr-ip.de\/aktuelles\/es-gibt-nur-einen-fc-fc-de\/\" \/>\n<meta property=\"og:site_name\" content=\"Rechtsanw\u00e4lte Lintl Renger M\u00fcnchen\" \/>\n<meta property=\"article:published_time\" content=\"2016-09-28T15:22:43+00:00\" \/>\n<meta property=\"article:modified_time\" content=\"2016-12-14T14:25:35+00:00\" \/>\n<meta property=\"og:image\" content=\"https:\/\/www.lr-ip.de\/wp-content\/uploads\/2016\/09\/Verletzung-von-Namensrechten.jpg\" \/>\n\t<meta property=\"og:image:width\" content=\"679\" \/>\n\t<meta property=\"og:image:height\" content=\"448\" \/>\n\t<meta property=\"og:image:type\" content=\"image\/jpeg\" \/>\n<meta name=\"author\" content=\"ChristianRenger\" \/>\n<meta name=\"twitter:card\" content=\"summary_large_image\" \/>\n<meta name=\"twitter:label1\" content=\"Written by\" \/>\n\t<meta name=\"twitter:data1\" content=\"ChristianRenger\" \/>\n\t<meta name=\"twitter:label2\" content=\"Est. reading time\" \/>\n\t<meta name=\"twitter:data2\" content=\"2 minutes\" \/>\n<script type=\"application\/ld+json\" class=\"yoast-schema-graph\">{\"@context\":\"https:\/\/schema.org\",\"@graph\":[{\"@type\":\"WebPage\",\"@id\":\"https:\/\/www.lr-ip.de\/aktuelles\/es-gibt-nur-einen-fc-fc-de\/\",\"url\":\"https:\/\/www.lr-ip.de\/aktuelles\/es-gibt-nur-einen-fc-fc-de\/\",\"name\":\"Es gibt nur einen FC \u2013 fc.de - Rechtsanw\u00e4lte Lintl Renger M\u00fcnchen\",\"isPartOf\":{\"@id\":\"https:\/\/www.lr-ip.de\/#website\"},\"primaryImageOfPage\":{\"@id\":\"https:\/\/www.lr-ip.de\/aktuelles\/es-gibt-nur-einen-fc-fc-de\/#primaryimage\"},\"image\":{\"@id\":\"https:\/\/www.lr-ip.de\/aktuelles\/es-gibt-nur-einen-fc-fc-de\/#primaryimage\"},\"thumbnailUrl\":\"https:\/\/www.lr-ip.de\/wp-content\/uploads\/2016\/09\/Verletzung-von-Namensrechten.jpg\",\"datePublished\":\"2016-09-28T15:22:43+00:00\",\"dateModified\":\"2016-12-14T14:25:35+00:00\",\"author\":{\"@id\":\"https:\/\/www.lr-ip.de\/#\/schema\/person\/8c4bd427fc9a8e2039aae528b6bcdadd\"},\"breadcrumb\":{\"@id\":\"https:\/\/www.lr-ip.de\/aktuelles\/es-gibt-nur-einen-fc-fc-de\/#breadcrumb\"},\"inLanguage\":\"en-US\",\"potentialAction\":[{\"@type\":\"ReadAction\",\"target\":[\"https:\/\/www.lr-ip.de\/aktuelles\/es-gibt-nur-einen-fc-fc-de\/\"]}]},{\"@type\":\"ImageObject\",\"inLanguage\":\"en-US\",\"@id\":\"https:\/\/www.lr-ip.de\/aktuelles\/es-gibt-nur-einen-fc-fc-de\/#primaryimage\",\"url\":\"https:\/\/www.lr-ip.de\/wp-content\/uploads\/2016\/09\/Verletzung-von-Namensrechten.jpg\",\"contentUrl\":\"https:\/\/www.lr-ip.de\/wp-content\/uploads\/2016\/09\/Verletzung-von-Namensrechten.jpg\",\"width\":679,\"height\":448,\"caption\":\"Verletzung von Namensrechten\"},{\"@type\":\"BreadcrumbList\",\"@id\":\"https:\/\/www.lr-ip.de\/aktuelles\/es-gibt-nur-einen-fc-fc-de\/#breadcrumb\",\"itemListElement\":[{\"@type\":\"ListItem\",\"position\":1,\"name\":\"Startseite\",\"item\":\"https:\/\/www.lr-ip.de\/en\/\"},{\"@type\":\"ListItem\",\"position\":2,\"name\":\"Es gibt nur einen FC \u2013 fc.de\"}]},{\"@type\":\"WebSite\",\"@id\":\"https:\/\/www.lr-ip.de\/#website\",\"url\":\"https:\/\/www.lr-ip.de\/\",\"name\":\"Rechtsanw\u00e4lte Lintl Renger M\u00fcnchen\",\"description\":\"Markenschutz, Designschutz, Patentschutz und Wettbewerbsrecht\",\"potentialAction\":[{\"@type\":\"SearchAction\",\"target\":{\"@type\":\"EntryPoint\",\"urlTemplate\":\"https:\/\/www.lr-ip.de\/?s={search_term_string}\"},\"query-input\":{\"@type\":\"PropertyValueSpecification\",\"valueRequired\":true,\"valueName\":\"search_term_string\"}}],\"inLanguage\":\"en-US\"},{\"@type\":\"Person\",\"@id\":\"https:\/\/www.lr-ip.de\/#\/schema\/person\/8c4bd427fc9a8e2039aae528b6bcdadd\",\"name\":\"ChristianRenger\",\"image\":{\"@type\":\"ImageObject\",\"inLanguage\":\"en-US\",\"@id\":\"https:\/\/www.lr-ip.de\/#\/schema\/person\/image\/\",\"url\":\"https:\/\/secure.gravatar.com\/avatar\/2ea0191c8156942236e29e1239d7ab8d?s=96&d=mm&r=g\",\"contentUrl\":\"https:\/\/secure.gravatar.com\/avatar\/2ea0191c8156942236e29e1239d7ab8d?s=96&d=mm&r=g\",\"caption\":\"ChristianRenger\"},\"url\":\"https:\/\/www.lr-ip.de\/en\/author\/christianrenger\/\"}]}<\/script>\n<!-- \/ Yoast SEO plugin. -->","yoast_head_json":{"title":"Es gibt nur einen FC \u2013 fc.de - Rechtsanw\u00e4lte Lintl Renger M\u00fcnchen","robots":{"index":"index","follow":"follow","max-snippet":"max-snippet:-1","max-image-preview":"max-image-preview:large","max-video-preview":"max-video-preview:-1"},"canonical":"https:\/\/www.lr-ip.de\/aktuelles\/es-gibt-nur-einen-fc-fc-de\/","og_locale":"en_US","og_type":"article","og_title":"Es gibt nur einen FC \u2013 fc.de - Rechtsanw\u00e4lte Lintl Renger M\u00fcnchen","og_description":"[vc_row][vc_column][vc_column_text] Es gibt nur einen FC \u2013 fc.de Das Landgericht K\u00f6ln hat mit Urteil vom 09.08.2016 (Az.: 33 O 250\/15) entschieden, dass der 1. FC K\u00f6ln einen Anspruch auf die Domain \u201efc.de\u201c hat. Der 1. FC K\u00f6ln klagte gegen den Inhaber der Domain \u201efc.de\u201c u.a. auf Unterlassung, das Zeichen \u201efc\u201c als Teil einer Second-Level-Domain mit&hellip;","og_url":"https:\/\/www.lr-ip.de\/aktuelles\/es-gibt-nur-einen-fc-fc-de\/","og_site_name":"Rechtsanw\u00e4lte Lintl Renger M\u00fcnchen","article_published_time":"2016-09-28T15:22:43+00:00","article_modified_time":"2016-12-14T14:25:35+00:00","og_image":[{"width":679,"height":448,"url":"https:\/\/www.lr-ip.de\/wp-content\/uploads\/2016\/09\/Verletzung-von-Namensrechten.jpg","type":"image\/jpeg"}],"author":"ChristianRenger","twitter_card":"summary_large_image","twitter_misc":{"Written by":"ChristianRenger","Est. reading time":"2 minutes"},"schema":{"@context":"https:\/\/schema.org","@graph":[{"@type":"WebPage","@id":"https:\/\/www.lr-ip.de\/aktuelles\/es-gibt-nur-einen-fc-fc-de\/","url":"https:\/\/www.lr-ip.de\/aktuelles\/es-gibt-nur-einen-fc-fc-de\/","name":"Es gibt nur einen FC \u2013 fc.de - Rechtsanw\u00e4lte Lintl Renger M\u00fcnchen","isPartOf":{"@id":"https:\/\/www.lr-ip.de\/#website"},"primaryImageOfPage":{"@id":"https:\/\/www.lr-ip.de\/aktuelles\/es-gibt-nur-einen-fc-fc-de\/#primaryimage"},"image":{"@id":"https:\/\/www.lr-ip.de\/aktuelles\/es-gibt-nur-einen-fc-fc-de\/#primaryimage"},"thumbnailUrl":"https:\/\/www.lr-ip.de\/wp-content\/uploads\/2016\/09\/Verletzung-von-Namensrechten.jpg","datePublished":"2016-09-28T15:22:43+00:00","dateModified":"2016-12-14T14:25:35+00:00","author":{"@id":"https:\/\/www.lr-ip.de\/#\/schema\/person\/8c4bd427fc9a8e2039aae528b6bcdadd"},"breadcrumb":{"@id":"https:\/\/www.lr-ip.de\/aktuelles\/es-gibt-nur-einen-fc-fc-de\/#breadcrumb"},"inLanguage":"en-US","potentialAction":[{"@type":"ReadAction","target":["https:\/\/www.lr-ip.de\/aktuelles\/es-gibt-nur-einen-fc-fc-de\/"]}]},{"@type":"ImageObject","inLanguage":"en-US","@id":"https:\/\/www.lr-ip.de\/aktuelles\/es-gibt-nur-einen-fc-fc-de\/#primaryimage","url":"https:\/\/www.lr-ip.de\/wp-content\/uploads\/2016\/09\/Verletzung-von-Namensrechten.jpg","contentUrl":"https:\/\/www.lr-ip.de\/wp-content\/uploads\/2016\/09\/Verletzung-von-Namensrechten.jpg","width":679,"height":448,"caption":"Verletzung von Namensrechten"},{"@type":"BreadcrumbList","@id":"https:\/\/www.lr-ip.de\/aktuelles\/es-gibt-nur-einen-fc-fc-de\/#breadcrumb","itemListElement":[{"@type":"ListItem","position":1,"name":"Startseite","item":"https:\/\/www.lr-ip.de\/en\/"},{"@type":"ListItem","position":2,"name":"Es gibt nur einen FC \u2013 fc.de"}]},{"@type":"WebSite","@id":"https:\/\/www.lr-ip.de\/#website","url":"https:\/\/www.lr-ip.de\/","name":"Rechtsanw\u00e4lte Lintl Renger M\u00fcnchen","description":"Markenschutz, Designschutz, Patentschutz und Wettbewerbsrecht","potentialAction":[{"@type":"SearchAction","target":{"@type":"EntryPoint","urlTemplate":"https:\/\/www.lr-ip.de\/?s={search_term_string}"},"query-input":{"@type":"PropertyValueSpecification","valueRequired":true,"valueName":"search_term_string"}}],"inLanguage":"en-US"},{"@type":"Person","@id":"https:\/\/www.lr-ip.de\/#\/schema\/person\/8c4bd427fc9a8e2039aae528b6bcdadd","name":"ChristianRenger","image":{"@type":"ImageObject","inLanguage":"en-US","@id":"https:\/\/www.lr-ip.de\/#\/schema\/person\/image\/","url":"https:\/\/secure.gravatar.com\/avatar\/2ea0191c8156942236e29e1239d7ab8d?s=96&d=mm&r=g","contentUrl":"https:\/\/secure.gravatar.com\/avatar\/2ea0191c8156942236e29e1239d7ab8d?s=96&d=mm&r=g","caption":"ChristianRenger"},"url":"https:\/\/www.lr-ip.de\/en\/author\/christianrenger\/"}]}},"_links":{"self":[{"href":"https:\/\/www.lr-ip.de\/en\/wp-json\/wp\/v2\/posts\/28569","targetHints":{"allow":["GET"]}}],"collection":[{"href":"https:\/\/www.lr-ip.de\/en\/wp-json\/wp\/v2\/posts"}],"about":[{"href":"https:\/\/www.lr-ip.de\/en\/wp-json\/wp\/v2\/types\/post"}],"author":[{"embeddable":true,"href":"https:\/\/www.lr-ip.de\/en\/wp-json\/wp\/v2\/users\/3"}],"replies":[{"embeddable":true,"href":"https:\/\/www.lr-ip.de\/en\/wp-json\/wp\/v2\/comments?post=28569"}],"version-history":[{"count":1,"href":"https:\/\/www.lr-ip.de\/en\/wp-json\/wp\/v2\/posts\/28569\/revisions"}],"predecessor-version":[{"id":28570,"href":"https:\/\/www.lr-ip.de\/en\/wp-json\/wp\/v2\/posts\/28569\/revisions\/28570"}],"wp:featuredmedia":[{"embeddable":true,"href":"https:\/\/www.lr-ip.de\/en\/wp-json\/wp\/v2\/media\/28571"}],"wp:attachment":[{"href":"https:\/\/www.lr-ip.de\/en\/wp-json\/wp\/v2\/media?parent=28569"}],"wp:term":[{"taxonomy":"category","embeddable":true,"href":"https:\/\/www.lr-ip.de\/en\/wp-json\/wp\/v2\/categories?post=28569"},{"taxonomy":"post_tag","embeddable":true,"href":"https:\/\/www.lr-ip.de\/en\/wp-json\/wp\/v2\/tags?post=28569"}],"curies":[{"name":"wp","href":"https:\/\/api.w.org\/{rel}","templated":true}]}}